{"id":799,"date":"2021-06-10T11:10:00","date_gmt":"2021-06-10T11:10:00","guid":{"rendered":"http:\/\/maralboran.eu\/musica\/?p=799"},"modified":"2021-07-31T08:42:59","modified_gmt":"2021-07-31T08:42:59","slug":"recuperacion-de-septiembre-2020","status":"publish","type":"post","link":"https:\/\/maralboran.eu\/musica\/2021\/06\/10\/recuperacion-de-septiembre-2020\/","title":{"rendered":"Recuperaci\u00f3n extraordinaria 2021"},"content":{"rendered":"\n<p><img decoding=\"async\" src=\"http:\/\/maralboran.eu\/musica\/wp-content\/uploads\/sites\/32\/2020\/06\/informes-sep-mini.png\" alt=\"La imagen tiene un atributo ALT vac\u00edo; su nombre de archivo es informes-sep-mini.png\" \/><\/p>\n\n\n\n<p><strong>HORARIOS Y AULAS DE EX\u00c1MENES:<\/strong><\/p>\n<ul>\n<li>1\u00ba ESO: mi\u00e9rcoles 1 de septiembre. 10:30h, aulas 401-402<\/li>\n<li>2\u00ba ESO: mi\u00e9rcoles 1 de septiembre. 11:30h, aulas 401-402<\/li>\n<\/ul>\n<p><strong>INFORMES DE RECUPERACI\u00d3N<\/strong><\/p>\n<ul>\n<li><a href=\"http:\/\/maralboran.eu\/musica\/septiembre-recuperacion-de-1o-de-eso\/\">Recuperaci\u00f3n de 1\u00ba de ESO<\/a><\/li>\n<li><a href=\"http:\/\/maralboran.eu\/musica\/2o-eso-recuperacion-de-septiembre\/\">Recuperaci\u00f3n de 2\u00ba de ESO<\/a><\/li>\n<li><a href=\"http:\/\/maralboran.eu\/musica\/septiembre-recuperacion-de-cursos-anteriores\/\">Recuperaci\u00f3n de cursos anteriores: alumnado de 3\u00ba o 4\u00ba ESO con pendiente de 1\u00ba y\/o 2\u00ba ESO<\/a><\/li>\n<\/ul>\n","protected":false},"excerpt":{"rendered":"<p>HORARIOS Y AULAS DE EX\u00c1MENES: 1\u00ba ESO: mi\u00e9rcoles 1 de septiembre. 10:30h, aulas 401-402 2\u00ba ESO: mi\u00e9rcoles 1 de septiembre. 11:30h, aulas 401-402 INFORMES DE RECUPERACI\u00d3N Recuperaci\u00f3n de 1\u00ba de&#46;&#46;&#46;<\/p>\n","protected":false},"author":1,"featured_media":778,"comment_status":"open","ping_status":"open","sticky":false,"template":"","format":"standard","meta":{"_price":"","_stock":"","_tribe_ticket_header":"","_tribe_default_ticket_provider":"","_tribe_ticket_capacity":"","_ticket_start_date":"","_ticket_end_date":"","_tribe_ticket_show_description":"","_tribe_ticket_show_not_going":false,"_tribe_ticket_use_global_stock":"","_tribe_ticket_global_stock_level":"","_global_stock_mode":"","_global_stock_cap":"","_tribe_rsvp_for_event":"","_tribe_ticket_going_count":"","_tribe_ticket_not_going_count":"","_tribe_tickets_list":"[]","_tribe_ticket_has_attendee_info_fields":false,"_kadence_starter_templates_imported_post":false,"footnotes":""},"categories":[1],"tags":[],"class_list":["post-799","post","type-post","status-publish","format-standard","has-post-thumbnail","hentry","category-sin-categoria"],"gutentor_comment":0,"featured_image_src":"https:\/\/maralboran.eu\/musica\/wp-content\/uploads\/sites\/32\/2020\/06\/informes-sep-mini.png","featured_image_src_square":"https:\/\/maralboran.eu\/musica\/wp-content\/uploads\/sites\/32\/2020\/06\/informes-sep-mini.png","author_info":{"display_name":"administrador","author_link":"https:\/\/maralboran.eu\/musica\/author\/administrador\/"},"_links":{"self":[{"href":"https:\/\/maralboran.eu\/musica\/wp-json\/wp\/v2\/posts\/799","targetHints":{"allow":["GET"]}}],"collection":[{"href":"https:\/\/maralboran.eu\/musica\/wp-json\/wp\/v2\/posts"}],"about":[{"href":"https:\/\/maralboran.eu\/musica\/wp-json\/wp\/v2\/types\/post"}],"author":[{"embeddable":true,"href":"https:\/\/maralboran.eu\/musica\/wp-json\/wp\/v2\/users\/1"}],"replies":[{"embeddable":true,"href":"https:\/\/maralboran.eu\/musica\/wp-json\/wp\/v2\/comments?post=799"}],"version-history":[{"count":7,"href":"https:\/\/maralboran.eu\/musica\/wp-json\/wp\/v2\/posts\/799\/revisions"}],"predecessor-version":[{"id":2099,"href":"https:\/\/maralboran.eu\/musica\/wp-json\/wp\/v2\/posts\/799\/revisions\/2099"}],"wp:featuredmedia":[{"embeddable":true,"href":"https:\/\/maralboran.eu\/musica\/wp-json\/wp\/v2\/media\/778"}],"wp:attachment":[{"href":"https:\/\/maralboran.eu\/musica\/wp-json\/wp\/v2\/media?parent=799"}],"wp:term":[{"taxonomy":"category","embeddable":true,"href":"https:\/\/maralboran.eu\/musica\/wp-json\/wp\/v2\/categories?post=799"},{"taxonomy":"post_tag","embeddable":true,"href":"https:\/\/maralboran.eu\/musica\/wp-json\/wp\/v2\/tags?post=799"}],"curies":[{"name":"wp","href":"https:\/\/api.w.org\/{rel}","templated":true}]}}