{"id":643,"date":"2020-03-16T10:32:58","date_gmt":"2020-03-16T10:32:58","guid":{"rendered":"http:\/\/maralboran.eu\/musica\/?p=643"},"modified":"2020-03-16T10:33:05","modified_gmt":"2020-03-16T10:33:05","slug":"no-me-mires-corto-a-concurso","status":"publish","type":"post","link":"https:\/\/maralboran.eu\/musica\/2020\/03\/16\/no-me-mires-corto-a-concurso\/","title":{"rendered":"\u00abNo me mires\u00bb corto a concurso"},"content":{"rendered":"\n<blockquote>\n<p style=\"text-align: center;\"><strong>Vota nuestro corto a concurso<\/strong><\/p>\n<\/blockquote>\n\n\n\n<div class=\"wp-block-image\"><figure class=\"aligncenter size-large is-resized\"><a href=\"https:\/\/www.premioseducacionvial.com\/cortometrajes\/edicion-2020\/no-me-mires\/?fbclid=IwAR0p3O3tOApXHRCJo1lGquUg1c7_NZpUQRHjdITTvlR9n9AfvuDpzjzQHr4\"><img loading=\"lazy\" decoding=\"async\" src=\"http:\/\/maralboran.eu\/musica\/wp-content\/uploads\/sites\/32\/2020\/03\/vota.jpg\" alt=\"\" class=\"wp-image-644\" width=\"186\" height=\"119\" srcset=\"https:\/\/maralboran.eu\/musica\/wp-content\/uploads\/sites\/32\/2020\/03\/vota.jpg 339w, https:\/\/maralboran.eu\/musica\/wp-content\/uploads\/sites\/32\/2020\/03\/vota-300x192.jpg 300w\" sizes=\"auto, (max-width: 186px) 100vw, 186px\" \/><\/a><\/figure><\/div>\n\n\n\n<p>La productora Cienfuegos del IES Mar de Albor\u00e1n presenta su \u00faltimo trabajo\u00a0<strong>\u201cNo me mires\u201d<\/strong>, un spot de 1 minuto que participa en los Premios Nacionales de Cortometrajes de Educaci\u00f3n Vial RACE.<\/p>\n<p>La selecci\u00f3n inicial se realiza por votaci\u00f3n popular, as\u00ed que necesitamos tu apoyo, vota en el enlace.<\/p>\n<p>Puedes votar todos los d\u00edas una vez en:<\/p>\n<p><a href=\"https:\/\/l.facebook.com\/l.php?u=https%3A%2F%2Fwww.premioseducacionvial.com%2Fcortometrajes%2Fedicion-2020%2Fno-me-mires%2F%3Ffbclid%3DIwAR0p3O3tOApXHRCJo1lGquUg1c7_NZpUQRHjdITTvlR9n9AfvuDpzjzQHr4&amp;h=AT0_zlx7WMGgNs8VcuF-AhwexY6BYPmuttuYeitZ0WXIzWPlt8ZULxWHmpCia_EdFPx5ozUG3iTOmbL_40eSIjgRERDEInkOyO4BrifIuFIjjx8S0_RXMvVUdjT9xRDwfz3J3-ugAqTfoiRPmY5_ZM4kJKpgqxHnz1swe5bs_AQcSaND9ucFWy0EBFdM-O4BFOHvpuGCMThPSfz9sVDr3HEHybEHyO9-tbLos_El_YQfq7q1kEWCqQwGXRSc2T0zuiXA9VXgWvM4vvW_X1X_56Uiv9_yHzCIg7gYbF1NeRQt4-Ad42FQtjZgRsSPT1j3j22sBoMX0XhxXWSp6yv0DxLsie7gsb-4lFPjZfsrZmsL-Asey8qXQaKXViRkl_vIdSH46pf0ZqaWSSq2PLhZzfarN5q5k5DCHPjrzJu7g9_diWP01Vam0HTW0PH4S-H9CStay5yGnZyEEB3MHoXtw2W-YisEcvJmreyRxaCiyYyB1ebiLsh9xycxIYJo89iaIQrKpMSGge-Wcac21FEHhPkFzD9DnNX4ZsHCasQKkWI-FLGtl7iXF4cF5ka2BGGxxyBgZqAImkR477tj2rhldzfvbhXGiZefpRyMSiXanUGgXphWXJokX05UtP9IFC3oCZcxmQ\" target=\"_blank\" rel=\"noopener nofollow noreferrer\" data-ft=\"{&quot;tn&quot;:&quot;-U&quot;}\" data-lynx-mode=\"async\">https:\/\/www.premioseducacionvial.com\/\u2026\/edicion\u2026\/no-me-mires\/<\/a><\/p>\n<p style=\"text-align: center;\"><strong>Apoya nuestro corto<\/strong><br \/><strong>1 D\u00cdA = 1 VOTO<span class=\"text_exposed_show\"><br \/>Muy r\u00e1pido, muy f\u00e1cil<\/span><\/strong><\/p>\n\n\n\n<figure class=\"wp-block-embed-youtube wp-block-embed is-type-video is-provider-youtube wp-embed-aspect-16-9 wp-has-aspect-ratio\"><div class=\"wp-block-embed__wrapper\">\n<div class=\"video-container\"><iframe loading=\"lazy\" title=\"No me mires.  Concurso Cortos RACE\" width=\"500\" height=\"281\" src=\"https:\/\/www.youtube.com\/embed\/QEdM6gv5tqI?feature=oembed&#038;wmode=opaque\" frameborder=\"0\" allow=\"accelerometer; autoplay; clipboard-write; encrypted-media; gyroscope; picture-in-picture; web-share\" referrerpolicy=\"strict-origin-when-cross-origin\" allowfullscreen><\/iframe><\/div>\n<\/div><\/figure>\n","protected":false},"excerpt":{"rendered":"<p>Vota nuestro corto a concurso La productora Cienfuegos del IES Mar de Albor\u00e1n presenta su \u00faltimo trabajo\u00a0\u201cNo me mires\u201d, un spot de 1 minuto que participa en los Premios Nacionales&#46;&#46;&#46;<\/p>\n","protected":false},"author":1,"featured_media":645,"comment_status":"open","ping_status":"open","sticky":false,"template":"","format":"standard","meta":{"_price":"","_stock":"","_tribe_ticket_header":"","_tribe_default_ticket_provider":"","_tribe_ticket_capacity":"","_ticket_start_date":"","_ticket_end_date":"","_tribe_ticket_show_description":"","_tribe_ticket_show_not_going":false,"_tribe_ticket_use_global_stock":"","_tribe_ticket_global_stock_level":"","_global_stock_mode":"","_global_stock_cap":"","_tribe_rsvp_for_event":"","_tribe_ticket_going_count":"","_tribe_ticket_not_going_count":"","_tribe_tickets_list":"[]","_tribe_ticket_has_attendee_info_fields":false,"_kadence_starter_templates_imported_post":false,"footnotes":""},"categories":[1],"tags":[],"class_list":["post-643","post","type-post","status-publish","format-standard","has-post-thumbnail","hentry","category-sin-categoria"],"gutentor_comment":0,"featured_image_src":"https:\/\/maralboran.eu\/musica\/wp-content\/uploads\/sites\/32\/2020\/03\/PORTADA3.jpg","featured_image_src_square":"https:\/\/maralboran.eu\/musica\/wp-content\/uploads\/sites\/32\/2020\/03\/PORTADA3.jpg","author_info":{"display_name":"administrador","author_link":"https:\/\/maralboran.eu\/musica\/author\/administrador\/"},"_links":{"self":[{"href":"https:\/\/maralboran.eu\/musica\/wp-json\/wp\/v2\/posts\/643","targetHints":{"allow":["GET"]}}],"collection":[{"href":"https:\/\/maralboran.eu\/musica\/wp-json\/wp\/v2\/posts"}],"about":[{"href":"https:\/\/maralboran.eu\/musica\/wp-json\/wp\/v2\/types\/post"}],"author":[{"embeddable":true,"href":"https:\/\/maralboran.eu\/musica\/wp-json\/wp\/v2\/users\/1"}],"replies":[{"embeddable":true,"href":"https:\/\/maralboran.eu\/musica\/wp-json\/wp\/v2\/comments?post=643"}],"version-history":[{"count":4,"href":"https:\/\/maralboran.eu\/musica\/wp-json\/wp\/v2\/posts\/643\/revisions"}],"predecessor-version":[{"id":649,"href":"https:\/\/maralboran.eu\/musica\/wp-json\/wp\/v2\/posts\/643\/revisions\/649"}],"wp:featuredmedia":[{"embeddable":true,"href":"https:\/\/maralboran.eu\/musica\/wp-json\/wp\/v2\/media\/645"}],"wp:attachment":[{"href":"https:\/\/maralboran.eu\/musica\/wp-json\/wp\/v2\/media?parent=643"}],"wp:term":[{"taxonomy":"category","embeddable":true,"href":"https:\/\/maralboran.eu\/musica\/wp-json\/wp\/v2\/categories?post=643"},{"taxonomy":"post_tag","embeddable":true,"href":"https:\/\/maralboran.eu\/musica\/wp-json\/wp\/v2\/tags?post=643"}],"curies":[{"name":"wp","href":"https:\/\/api.w.org\/{rel}","templated":true}]}}