{"id":566,"date":"2019-04-11T10:53:13","date_gmt":"2019-04-11T10:53:13","guid":{"rendered":"http:\/\/maralboran.eu\/musica\/?p=566"},"modified":"2019-09-18T10:57:00","modified_gmt":"2019-09-18T10:57:00","slug":"ii-encuentro-de-superheroes-y-villanos-2","status":"publish","type":"post","link":"https:\/\/maralboran.eu\/musica\/2019\/04\/11\/ii-encuentro-de-superheroes-y-villanos-2\/","title":{"rendered":"II Encuentro de Superh\u00e9roes y Villanos"},"content":{"rendered":"\n<figure class=\"wp-block-embed-youtube wp-block-embed is-type-video is-provider-youtube wp-embed-aspect-16-9 wp-has-aspect-ratio\"><div class=\"wp-block-embed__wrapper\">\n<div class=\"video-container\"><iframe loading=\"lazy\" title=\"SuperHeroes II  Reportaje\" width=\"500\" height=\"281\" src=\"https:\/\/www.youtube.com\/embed\/nHPod7fjm-g?feature=oembed&#038;wmode=opaque\" frameborder=\"0\" allow=\"accelerometer; autoplay; clipboard-write; encrypted-media; gyroscope; picture-in-picture; web-share\" referrerpolicy=\"strict-origin-when-cross-origin\" allowfullscreen><\/iframe><\/div>\n<\/div><\/figure>\n\n\n\n<p><strong>Les habla el Capit\u00e1n Am\u00e9rica.<\/strong><\/p>\n<p>El pasado 5 de abril conseguimos ganarle la batalla al lado oscuro. NO fue f\u00e1cil; nuestro trabajo en equipo, empat\u00eda y solidaridad fueron nuestras mejores armas.Conseguimos recaudar m\u00e1s de 1580 euros, destinados \u00edntegramente a Aprona. Estamos seguros de que muchos recordar\u00e1n a nuestros H\u00e9roes y Villanos del Instituto Mar de Albor\u00e1n de Estepona. Ahora, nos queda agradecer a todo el colectivo que ha hecho posible que nuestros sue\u00f1os se hicieran realidad. Son palabras de agradecimiento desde el coraz\u00f3n, y con la \u00fanica intenci\u00f3n de ayudar a los que m\u00e1s lo necesitan\u2026 A\u00fan faltan muchos retos por ganar, pero no tengo la menor duda que seguiremos esforz\u00e1ndonos y dando nuestra mejor versi\u00f3n.<\/p>\n<p>\u00a1Mi m\u00e1s sentida admiraci\u00f3n EQUIPO!<\/p>\n<p><a href=\"https:\/\/www.maralboran.eu\/imagevuex3\/Cursos\/2018-y-2019\/Deporte\/II-encuentro-superh%C3%A9roes\/\">GALER\u00cdA DE FOTOS (muy completa)<\/a><\/p>\n<figure class=\"wp-block-image\"><img decoding=\"async\" class=\"wp-image-2932\" src=\"https:\/\/i1.wp.com\/maralboran.eu\/wp-content\/uploads\/2019\/04\/INSTAGRAM2-Copy.png?fit=1024%2C576&amp;ssl=1\" sizes=\"(max-width: 1000px) 100vw, 1000px\" srcset=\"https:\/\/i1.wp.com\/maralboran.eu\/wp-content\/uploads\/2019\/04\/INSTAGRAM2-Copy.png?w=1024&amp;ssl=1 1024w, https:\/\/i1.wp.com\/maralboran.eu\/wp-content\/uploads\/2019\/04\/INSTAGRAM2-Copy.png?resize=300%2C169&amp;ssl=1 300w, https:\/\/i1.wp.com\/maralboran.eu\/wp-content\/uploads\/2019\/04\/INSTAGRAM2-Copy.png?resize=768%2C432&amp;ssl=1 768w\" alt=\"\" \/><\/figure>\n","protected":false},"excerpt":{"rendered":"<p>Les habla el Capit\u00e1n Am\u00e9rica. El pasado 5 de abril conseguimos ganarle la batalla al lado oscuro. NO fue f\u00e1cil; nuestro trabajo en equipo, empat\u00eda y solidaridad fueron nuestras mejores&#46;&#46;&#46;<\/p>\n","protected":false},"author":1,"featured_media":567,"comment_status":"open","ping_status":"open","sticky":false,"template":"","format":"standard","meta":{"_price":"","_stock":"","_tribe_ticket_header":"","_tribe_default_ticket_provider":"","_tribe_ticket_capacity":"","_ticket_start_date":"","_ticket_end_date":"","_tribe_ticket_show_description":"","_tribe_ticket_show_not_going":false,"_tribe_ticket_use_global_stock":"","_tribe_ticket_global_stock_level":"","_global_stock_mode":"","_global_stock_cap":"","_tribe_rsvp_for_event":"","_tribe_ticket_going_count":"","_tribe_ticket_not_going_count":"","_tribe_tickets_list":"[]","_tribe_ticket_has_attendee_info_fields":false,"_kadence_starter_templates_imported_post":false,"footnotes":""},"categories":[17,13],"tags":[],"class_list":["post-566","post","type-post","status-publish","format-standard","has-post-thumbnail","hentry","category-interdisciplinar","category-video"],"gutentor_comment":0,"featured_image_src":"https:\/\/maralboran.eu\/musica\/wp-content\/uploads\/sites\/32\/2019\/09\/INSTAGRAM2-Copy.png","featured_image_src_square":"https:\/\/maralboran.eu\/musica\/wp-content\/uploads\/sites\/32\/2019\/09\/INSTAGRAM2-Copy.png","author_info":{"display_name":"administrador","author_link":"https:\/\/maralboran.eu\/musica\/author\/administrador\/"},"_links":{"self":[{"href":"https:\/\/maralboran.eu\/musica\/wp-json\/wp\/v2\/posts\/566","targetHints":{"allow":["GET"]}}],"collection":[{"href":"https:\/\/maralboran.eu\/musica\/wp-json\/wp\/v2\/posts"}],"about":[{"href":"https:\/\/maralboran.eu\/musica\/wp-json\/wp\/v2\/types\/post"}],"author":[{"embeddable":true,"href":"https:\/\/maralboran.eu\/musica\/wp-json\/wp\/v2\/users\/1"}],"replies":[{"embeddable":true,"href":"https:\/\/maralboran.eu\/musica\/wp-json\/wp\/v2\/comments?post=566"}],"version-history":[{"count":1,"href":"https:\/\/maralboran.eu\/musica\/wp-json\/wp\/v2\/posts\/566\/revisions"}],"predecessor-version":[{"id":568,"href":"https:\/\/maralboran.eu\/musica\/wp-json\/wp\/v2\/posts\/566\/revisions\/568"}],"wp:featuredmedia":[{"embeddable":true,"href":"https:\/\/maralboran.eu\/musica\/wp-json\/wp\/v2\/media\/567"}],"wp:attachment":[{"href":"https:\/\/maralboran.eu\/musica\/wp-json\/wp\/v2\/media?parent=566"}],"wp:term":[{"taxonomy":"category","embeddable":true,"href":"https:\/\/maralboran.eu\/musica\/wp-json\/wp\/v2\/categories?post=566"},{"taxonomy":"post_tag","embeddable":true,"href":"https:\/\/maralboran.eu\/musica\/wp-json\/wp\/v2\/tags?post=566"}],"curies":[{"name":"wp","href":"https:\/\/api.w.org\/{rel}","templated":true}]}}