{"id":508,"date":"2019-01-22T12:11:43","date_gmt":"2019-01-22T12:11:43","guid":{"rendered":"http:\/\/maralboran.eu\/musica\/?p=508"},"modified":"2019-01-22T12:15:29","modified_gmt":"2019-01-22T12:15:29","slug":"el-corto-dama-en-la-sombra-gana-el-1o-premio-x1buenrollo","status":"publish","type":"post","link":"https:\/\/maralboran.eu\/musica\/2019\/01\/22\/el-corto-dama-en-la-sombra-gana-el-1o-premio-x1buenrollo\/","title":{"rendered":"El corto \u201cDama en la sombra\u201d gana el 1\u00ba premio x1buenrollo"},"content":{"rendered":"<p><img loading=\"lazy\" decoding=\"async\" class=\"aligncenter size-full wp-image-2462\" src=\"http:\/\/maralboran.eu\/wp-content\/uploads\/2018\/12\/DAMA-SOMBRA.jpg\" alt=\"\" width=\"1000\" height=\"500\">El corto <strong>\u201cDama en la Sombra\u201d <\/strong>ha ganado el concurso X1BUENROLLO-2018,&nbsp; con un premio de seiscientos euros en material para el Centro. Este gui\u00f3n, originalmente creado e interpretado por nuestros alumnos \u00c1lvaro Saborido, Guadalupe Samara, Lorena Garc\u00eda, Alba G\u00f3mez y Sara Brahim, nace como un <em>project<\/em> de la asignatura de &nbsp;Ingl\u00e9s. Posteriormente ha sido rodado en espa\u00f1ol por&nbsp; la productora \u201c<em>Cienfuegos<\/em>\u201d, en la que participan&nbsp; profesorado y alumnado del IES Mar de Albor\u00e1n.<\/p>\n<p>El concurso de cortos \u201cx1buenrollo\u201d est\u00e1 promovido por el \u00c1rea de Igualdad e Innovaci\u00f3n de la Diputaci\u00f3n de M\u00e1laga y el Ilustre Colegio de Abogados de M\u00e1laga, con el objetivo de promocionar la igualdad de oportunidades entre mujeres y hombres y la prevenci\u00f3n de la violencia de g\u00e9nero, ideario con el que nos sentimos plenamente identificados en nuestro Centro. \u00c9sta ha sido la segunda ocasi\u00f3n en la que ganamos este concurso, pues en 2015 tambi\u00e9n obtuvimos el 1\u00ba premio con<\/p>\n<p style=\"text-align: center;\"><a href=\"https:\/\/www.youtube.com\/watch?v=8EqXd_JcY2w\"><em>\u00abMujer de Ayer &amp; Mujer de hoy\u00bb&nbsp;<\/em><\/a><\/p>\n<p>La ceremonia de la entrega de premios tuvo lugar en la sede del Ilustre Colegio de Abogados de M\u00e1laga, el d\u00eda 17 de Diciembre, y fue complementada con una visita previa al Museo&nbsp; Alborania- Aula del Mar.<\/p>\n<blockquote>\n<p>&nbsp;<\/p>\n<p style=\"text-align: center;\"><strong><em>La historia ha ignorado a las mujeres releg\u00e1ndolas injustamente al ostracismo, convirti\u00e9ndolas en damas en la sombra<\/em><\/strong><\/p>\n<\/blockquote>\n<p><a href=\"http:\/\/www.maralboran.eu\/imagevuex3\/Cursos\/2018-y-2019\/Arte-Literatura-Audiovisual\/premios-x1buenrollo\/\">GALER\u00cdA DE FOTOS<\/a><\/p>\n<p><iframe loading=\"lazy\" src=\"https:\/\/www.youtube.com\/embed\/Wex959sllDs\" width=\"560\" height=\"315\" frameborder=\"0\" allowfullscreen=\"allowfullscreen\"><\/iframe><\/p>\n\n\n<p><\/p>\n","protected":false},"excerpt":{"rendered":"<p>El corto \u201cDama en la Sombra\u201d ha ganado el concurso X1BUENROLLO-2018,&nbsp; con un premio de seiscientos euros en material para el Centro. Este gui\u00f3n, originalmente creado e interpretado por nuestros&#46;&#46;&#46;<\/p>\n","protected":false},"author":1,"featured_media":509,"comment_status":"open","ping_status":"open","sticky":false,"template":"","format":"standard","meta":{"_price":"","_stock":"","_tribe_ticket_header":"","_tribe_default_ticket_provider":"","_tribe_ticket_capacity":"","_ticket_start_date":"","_ticket_end_date":"","_tribe_ticket_show_description":"","_tribe_ticket_show_not_going":false,"_tribe_ticket_use_global_stock":"","_tribe_ticket_global_stock_level":"","_global_stock_mode":"","_global_stock_cap":"","_tribe_rsvp_for_event":"","_tribe_ticket_going_count":"","_tribe_ticket_not_going_count":"","_tribe_tickets_list":"[]","_tribe_ticket_has_attendee_info_fields":false,"_kadence_starter_templates_imported_post":false,"footnotes":""},"categories":[13],"tags":[],"class_list":["post-508","post","type-post","status-publish","format-standard","has-post-thumbnail","hentry","category-video"],"gutentor_comment":0,"featured_image_src":"https:\/\/maralboran.eu\/musica\/wp-content\/uploads\/sites\/32\/2019\/01\/DAMA-SOMBRA.jpg","featured_image_src_square":"https:\/\/maralboran.eu\/musica\/wp-content\/uploads\/sites\/32\/2019\/01\/DAMA-SOMBRA.jpg","author_info":{"display_name":"administrador","author_link":"https:\/\/maralboran.eu\/musica\/author\/administrador\/"},"_links":{"self":[{"href":"https:\/\/maralboran.eu\/musica\/wp-json\/wp\/v2\/posts\/508","targetHints":{"allow":["GET"]}}],"collection":[{"href":"https:\/\/maralboran.eu\/musica\/wp-json\/wp\/v2\/posts"}],"about":[{"href":"https:\/\/maralboran.eu\/musica\/wp-json\/wp\/v2\/types\/post"}],"author":[{"embeddable":true,"href":"https:\/\/maralboran.eu\/musica\/wp-json\/wp\/v2\/users\/1"}],"replies":[{"embeddable":true,"href":"https:\/\/maralboran.eu\/musica\/wp-json\/wp\/v2\/comments?post=508"}],"version-history":[{"count":2,"href":"https:\/\/maralboran.eu\/musica\/wp-json\/wp\/v2\/posts\/508\/revisions"}],"predecessor-version":[{"id":514,"href":"https:\/\/maralboran.eu\/musica\/wp-json\/wp\/v2\/posts\/508\/revisions\/514"}],"wp:featuredmedia":[{"embeddable":true,"href":"https:\/\/maralboran.eu\/musica\/wp-json\/wp\/v2\/media\/509"}],"wp:attachment":[{"href":"https:\/\/maralboran.eu\/musica\/wp-json\/wp\/v2\/media?parent=508"}],"wp:term":[{"taxonomy":"category","embeddable":true,"href":"https:\/\/maralboran.eu\/musica\/wp-json\/wp\/v2\/categories?post=508"},{"taxonomy":"post_tag","embeddable":true,"href":"https:\/\/maralboran.eu\/musica\/wp-json\/wp\/v2\/tags?post=508"}],"curies":[{"name":"wp","href":"https:\/\/api.w.org\/{rel}","templated":true}]}}