{"id":431,"date":"2018-05-25T10:47:35","date_gmt":"2018-05-25T10:47:35","guid":{"rendered":"http:\/\/maralboran.eu\/musica\/?p=431"},"modified":"2018-09-05T12:08:00","modified_gmt":"2018-09-05T12:08:00","slug":"25m-dia-del-orgullo-friki-cortometraje-z","status":"publish","type":"post","link":"https:\/\/maralboran.eu\/musica\/2018\/05\/25\/25m-dia-del-orgullo-friki-cortometraje-z\/","title":{"rendered":"25M. D\u00eda del Orgullo Friki. Cortometraje Z"},"content":{"rendered":"<p><iframe loading=\"lazy\" src=\"https:\/\/www.youtube.com\/embed\/TWGMqfWNrZY?rel=0&amp;showinfo=0\" width=\"560\" height=\"315\" frameborder=\"0\" allowfullscreen=\"allowfullscreen\"><\/iframe><\/p>\n<p style=\"text-align: justify;\">El pasado 25 de mayo se organiz\u00f3 el visionado del cortometraje \u201d Z\u201d , elaborado por profesorado y alumnado\u00a0 del IES, seguido de una mesa redonda y un\u00a0<em>photocall<\/em>\u00a0con el alumnado asistente que acudi\u00f3 disfrazado de sus personajes de la cultura pop favoritos. Ciento treinta alumnos disfrutaron de esta actividad organizada por el Departamento de Orientaci\u00f3n que se incluyen en la celebraci\u00f3n del D\u00eda del Orgullo Friki, con el objetivo de\u00a0 fomentar el desarrollo creativo, la mejora de la convivencia y la integraci\u00f3n social del alumnado, as\u00ed como el uso l\u00fadico y cultural de los v\u00eddeos educativos.<\/p>\n<p>El Departamento de M\u00fasica ha participado en la producci\u00f3n del cortometraje \u00abZ\u00bb y ha dise\u00f1ado el cartel de la actividad.<\/p>\n<p><a href=\"http:\/\/www.maralboran.eu\/imagevuex3\/Cursos\/2017-2018\/Arte-y-Literatura\/D%C3%ADa-orgullo-friki\/\">VER GALER\u00cdA DE LA JORNADA DEL ORGULLO FRIKI<\/a><\/p>\n<p><a href=\"http:\/\/www.maralboran.eu\/imagevuex3\/Cursos\/2017-2018\/Arte-y-Literatura\/Z-Cortometraje\/\">VER GALER\u00cdA DEL RODAJE DEL CORTO<\/a><\/p>\n<p><img loading=\"lazy\" decoding=\"async\" class=\"alignnone size-full wp-image-432\" src=\"http:\/\/maralboran.eu\/musica\/wp-content\/uploads\/sites\/32\/2018\/09\/25m-dia-friki-mini.png\" alt=\"\" width=\"800\" height=\"450\" srcset=\"https:\/\/maralboran.eu\/musica\/wp-content\/uploads\/sites\/32\/2018\/09\/25m-dia-friki-mini.png 800w, https:\/\/maralboran.eu\/musica\/wp-content\/uploads\/sites\/32\/2018\/09\/25m-dia-friki-mini-300x169.png 300w, https:\/\/maralboran.eu\/musica\/wp-content\/uploads\/sites\/32\/2018\/09\/25m-dia-friki-mini-768x432.png 768w\" sizes=\"auto, (max-width: 800px) 100vw, 800px\" \/> <img loading=\"lazy\" decoding=\"async\" class=\"alignnone size-full wp-image-433\" src=\"http:\/\/maralboran.eu\/musica\/wp-content\/uploads\/sites\/32\/2018\/09\/25m-dia-friki.jpg\" alt=\"\" width=\"1000\" height=\"500\" srcset=\"https:\/\/maralboran.eu\/musica\/wp-content\/uploads\/sites\/32\/2018\/09\/25m-dia-friki.jpg 1000w, https:\/\/maralboran.eu\/musica\/wp-content\/uploads\/sites\/32\/2018\/09\/25m-dia-friki-300x150.jpg 300w, https:\/\/maralboran.eu\/musica\/wp-content\/uploads\/sites\/32\/2018\/09\/25m-dia-friki-768x384.jpg 768w\" sizes=\"auto, (max-width: 1000px) 100vw, 1000px\" \/><\/p>\n","protected":false},"excerpt":{"rendered":"<p>El pasado 25 de mayo se organiz\u00f3 el visionado del cortometraje \u201d Z\u201d , elaborado por profesorado y alumnado\u00a0 del IES, seguido de una mesa redonda y un\u00a0photocall\u00a0con el alumnado&#46;&#46;&#46;<\/p>\n","protected":false},"author":1,"featured_media":433,"comment_status":"closed","ping_status":"closed","sticky":false,"template":"","format":"standard","meta":{"_price":"","_stock":"","_tribe_ticket_header":"","_tribe_default_ticket_provider":"","_tribe_ticket_capacity":"","_ticket_start_date":"","_ticket_end_date":"","_tribe_ticket_show_description":"","_tribe_ticket_show_not_going":false,"_tribe_ticket_use_global_stock":"","_tribe_ticket_global_stock_level":"","_global_stock_mode":"","_global_stock_cap":"","_tribe_rsvp_for_event":"","_tribe_ticket_going_count":"","_tribe_ticket_not_going_count":"","_tribe_tickets_list":"[]","_tribe_ticket_has_attendee_info_fields":false,"_kadence_starter_templates_imported_post":false,"footnotes":""},"categories":[17,13],"tags":[],"class_list":["post-431","post","type-post","status-publish","format-standard","has-post-thumbnail","hentry","category-interdisciplinar","category-video"],"gutentor_comment":0,"featured_image_src":"https:\/\/maralboran.eu\/musica\/wp-content\/uploads\/sites\/32\/2018\/09\/25m-dia-friki.jpg","featured_image_src_square":"https:\/\/maralboran.eu\/musica\/wp-content\/uploads\/sites\/32\/2018\/09\/25m-dia-friki.jpg","author_info":{"display_name":"administrador","author_link":"https:\/\/maralboran.eu\/musica\/author\/administrador\/"},"_links":{"self":[{"href":"https:\/\/maralboran.eu\/musica\/wp-json\/wp\/v2\/posts\/431","targetHints":{"allow":["GET"]}}],"collection":[{"href":"https:\/\/maralboran.eu\/musica\/wp-json\/wp\/v2\/posts"}],"about":[{"href":"https:\/\/maralboran.eu\/musica\/wp-json\/wp\/v2\/types\/post"}],"author":[{"embeddable":true,"href":"https:\/\/maralboran.eu\/musica\/wp-json\/wp\/v2\/users\/1"}],"replies":[{"embeddable":true,"href":"https:\/\/maralboran.eu\/musica\/wp-json\/wp\/v2\/comments?post=431"}],"version-history":[{"count":0,"href":"https:\/\/maralboran.eu\/musica\/wp-json\/wp\/v2\/posts\/431\/revisions"}],"wp:featuredmedia":[{"embeddable":true,"href":"https:\/\/maralboran.eu\/musica\/wp-json\/wp\/v2\/media\/433"}],"wp:attachment":[{"href":"https:\/\/maralboran.eu\/musica\/wp-json\/wp\/v2\/media?parent=431"}],"wp:term":[{"taxonomy":"category","embeddable":true,"href":"https:\/\/maralboran.eu\/musica\/wp-json\/wp\/v2\/categories?post=431"},{"taxonomy":"post_tag","embeddable":true,"href":"https:\/\/maralboran.eu\/musica\/wp-json\/wp\/v2\/tags?post=431"}],"curies":[{"name":"wp","href":"https:\/\/api.w.org\/{rel}","templated":true}]}}