{"id":406,"date":"2018-01-31T10:08:11","date_gmt":"2018-01-31T10:08:11","guid":{"rendered":"http:\/\/maralboran.eu\/musica\/?p=406"},"modified":"2018-01-31T10:32:45","modified_gmt":"2018-01-31T10:32:45","slug":"30e-dia-de-la-paz","status":"publish","type":"post","link":"https:\/\/maralboran.eu\/musica\/2018\/01\/31\/30e-dia-de-la-paz\/","title":{"rendered":"30E D\u00eda de la Paz"},"content":{"rendered":"<p><img loading=\"lazy\" decoding=\"async\" class=\"wp-image-407 alignleft\" src=\"http:\/\/maralboran.eu\/musica\/wp-content\/uploads\/sites\/32\/2018\/01\/20180130_090814_2-1600x1200-637x1024.jpg\" alt=\"\" width=\"378\" height=\"607\" srcset=\"https:\/\/maralboran.eu\/musica\/wp-content\/uploads\/sites\/32\/2018\/01\/20180130_090814_2-1600x1200-637x1024.jpg 637w, https:\/\/maralboran.eu\/musica\/wp-content\/uploads\/sites\/32\/2018\/01\/20180130_090814_2-1600x1200-187x300.jpg 187w, https:\/\/maralboran.eu\/musica\/wp-content\/uploads\/sites\/32\/2018\/01\/20180130_090814_2-1600x1200.jpg 746w\" sizes=\"auto, (max-width: 378px) 100vw, 378px\" \/><\/p>\n<p style=\"text-align: justify;\">Con motivo del\u00a030E D\u00eda de la Paz, el Departamento de M\u00fasica y el alumnado de 1\u00ba ESO\u00a0 han colaborado aportando dos preciosas obras art\u00edsticas. La primera es este t\u00f3tem musical de la paz, que representa una corchea muy especial, cubierta de mensajes solidarios que transmiten valores de respeto y tolerancia.<\/p>\n<p style=\"text-align: justify;\">Por otro lado, todos los grupos de 1\u00ba ESO han contribuido a la composici\u00f3n colectiva \u00abCosmos\u00bb, cuyas melod\u00edas y textos han sido creados por ellos mismo:<\/p>\n<div style=\"text-align: justify;\">\n<p class=\"m_-2558485501972795235gmail-TableParagraph\" style=\"text-align: left;\">\u25cf\u00a0\u00a0\u00a0\u00a0\u00a0\u00a0\u00a0An\u00e1lisis musical de la\u00a0canci\u00f3n: melod\u00eda, estructura, textura\u2026<\/p>\n<p class=\"m_-2558485501972795235gmail-TableParagraph\" style=\"text-align: left;\">\u25cf\u00a0\u00a0\u00a0\u00a0\u00a0\u00a0\u00a0Actividad creativa de composici\u00f3n colectiva, tanto letra como texto<\/p>\n<p class=\"m_-2558485501972795235gmail-TableParagraph\" style=\"text-align: left;\">\u25cf\u00a0\u00a0\u00a0\u00a0\u00a0\u00a0\u00a0An\u00e1lisis de las conexiones con el mundo\u00a0actual.<\/p>\n<p class=\"m_-2558485501972795235gmail-TableParagraph\" style=\"text-align: left;\">\u25cf\u00a0\u00a0\u00a0\u00a0\u00a0\u00a0\u00a0Reflexi\u00f3n sobre los aspectos\u00a0denunciados.<\/p>\n<p class=\"m_-2558485501972795235gmail-TableParagraph\" style=\"text-align: left;\">\u25cf\u00a0\u00a0\u00a0\u00a0\u00a0\u00a0\u00a0Pr\u00e1ctica musical: vocal y flauta, el alumnado ha ensayado, interpretado, grabado y observado la edici\u00f3n de la canci\u00f3n.<\/p>\n<p class=\"m_-2558485501972795235gmail-TableParagraph\" style=\"text-align: left;\">\u25cf\u00a0\u00a0\u00a0\u00a0\u00a0\u00a0\u00a0La canci\u00f3n terminada, se ha mostrado en todos los grupos y compartido en las redes y canales del centro.<\/p>\n<\/div>\n<div class=\"yj6qo ajU\">\n<div id=\":ul\" class=\"ajR\" style=\"text-align: left;\" tabindex=\"0\" role=\"button\" data-tooltip=\"Mostrar contenido reducido\" aria-label=\"Mostrar contenido reducido\"><img decoding=\"async\" class=\"ajT\" src=\"https:\/\/ssl.gstatic.com\/ui\/v1\/icons\/mail\/images\/cleardot.gif\" \/>Estas actividades se enmarcan en el Proyecto Espacio de Paz con el que colabora nuestro Departamento.<\/div>\n<\/div>\n<div tabindex=\"0\" role=\"button\" data-tooltip=\"Mostrar contenido reducido\" aria-label=\"Mostrar contenido reducido\"><\/div>\n<div tabindex=\"0\" role=\"button\" data-tooltip=\"Mostrar contenido reducido\" aria-label=\"Mostrar contenido reducido\"><a href=\"http:\/\/maralboran.eu\/archivos\/noticias1718\/cosmos.mp3\">COSMOS mp3<\/a><\/div>\n<div tabindex=\"0\" role=\"button\" data-tooltip=\"Mostrar contenido reducido\" aria-label=\"Mostrar contenido reducido\"><\/div>\n<div tabindex=\"0\" role=\"button\" data-tooltip=\"Mostrar contenido reducido\" aria-label=\"Mostrar contenido reducido\"><a href=\"http:\/\/maralboran.eu\/archivos\/noticias1718\/cosmos-letra.pdf\">COSMOS letra<\/a><\/div>\n<div tabindex=\"0\" role=\"button\" data-tooltip=\"Mostrar contenido reducido\" aria-label=\"Mostrar contenido reducido\"><\/div>\n<div tabindex=\"0\" role=\"button\" data-tooltip=\"Mostrar contenido reducido\" aria-label=\"Mostrar contenido reducido\"><a href=\"http:\/\/maralboran.eu\/imagevuex3\/Cursos\/2017-y-2018\/Espacio-de-Paz-Convivencia\/30E-D%C3%ADa-de-la-Paz\/\">Galer\u00eda 30E D\u00eda de la Paz<\/a><\/div>\n","protected":false},"excerpt":{"rendered":"<p>Con motivo del\u00a030E D\u00eda de la Paz, el Departamento de M\u00fasica y el alumnado de 1\u00ba ESO\u00a0 han colaborado aportando dos preciosas obras art\u00edsticas. La primera es este t\u00f3tem musical&#46;&#46;&#46;<\/p>\n","protected":false},"author":1,"featured_media":408,"comment_status":"open","ping_status":"open","sticky":false,"template":"","format":"standard","meta":{"_price":"","_stock":"","_tribe_ticket_header":"","_tribe_default_ticket_provider":"","_tribe_ticket_capacity":"","_ticket_start_date":"","_ticket_end_date":"","_tribe_ticket_show_description":"","_tribe_ticket_show_not_going":false,"_tribe_ticket_use_global_stock":"","_tribe_ticket_global_stock_level":"","_global_stock_mode":"","_global_stock_cap":"","_tribe_rsvp_for_event":"","_tribe_ticket_going_count":"","_tribe_ticket_not_going_count":"","_tribe_tickets_list":"[]","_tribe_ticket_has_attendee_info_fields":false,"_kadence_starter_templates_imported_post":false,"footnotes":""},"categories":[1],"tags":[],"class_list":["post-406","post","type-post","status-publish","format-standard","has-post-thumbnail","hentry","category-sin-categoria"],"gutentor_comment":0,"featured_image_src":"https:\/\/maralboran.eu\/musica\/wp-content\/uploads\/sites\/32\/2018\/01\/totem-mini.jpg","featured_image_src_square":"https:\/\/maralboran.eu\/musica\/wp-content\/uploads\/sites\/32\/2018\/01\/totem-mini.jpg","author_info":{"display_name":"administrador","author_link":"https:\/\/maralboran.eu\/musica\/author\/administrador\/"},"_links":{"self":[{"href":"https:\/\/maralboran.eu\/musica\/wp-json\/wp\/v2\/posts\/406","targetHints":{"allow":["GET"]}}],"collection":[{"href":"https:\/\/maralboran.eu\/musica\/wp-json\/wp\/v2\/posts"}],"about":[{"href":"https:\/\/maralboran.eu\/musica\/wp-json\/wp\/v2\/types\/post"}],"author":[{"embeddable":true,"href":"https:\/\/maralboran.eu\/musica\/wp-json\/wp\/v2\/users\/1"}],"replies":[{"embeddable":true,"href":"https:\/\/maralboran.eu\/musica\/wp-json\/wp\/v2\/comments?post=406"}],"version-history":[{"count":1,"href":"https:\/\/maralboran.eu\/musica\/wp-json\/wp\/v2\/posts\/406\/revisions"}],"predecessor-version":[{"id":409,"href":"https:\/\/maralboran.eu\/musica\/wp-json\/wp\/v2\/posts\/406\/revisions\/409"}],"wp:featuredmedia":[{"embeddable":true,"href":"https:\/\/maralboran.eu\/musica\/wp-json\/wp\/v2\/media\/408"}],"wp:attachment":[{"href":"https:\/\/maralboran.eu\/musica\/wp-json\/wp\/v2\/media?parent=406"}],"wp:term":[{"taxonomy":"category","embeddable":true,"href":"https:\/\/maralboran.eu\/musica\/wp-json\/wp\/v2\/categories?post=406"},{"taxonomy":"post_tag","embeddable":true,"href":"https:\/\/maralboran.eu\/musica\/wp-json\/wp\/v2\/tags?post=406"}],"curies":[{"name":"wp","href":"https:\/\/api.w.org\/{rel}","templated":true}]}}