{"id":236,"date":"2016-11-05T09:05:29","date_gmt":"2016-11-05T09:05:29","guid":{"rendered":"http:\/\/maralboran.eu\/musica\/?p=236"},"modified":"2017-08-20T09:07:43","modified_gmt":"2017-08-20T09:07:43","slug":"alejandro-perez-maestro-internacional-de-ajedrez","status":"publish","type":"post","link":"https:\/\/maralboran.eu\/musica\/2016\/11\/05\/alejandro-perez-maestro-internacional-de-ajedrez\/","title":{"rendered":"Alejandro P\u00e9rez, maestro internacional de ajedrez"},"content":{"rendered":"<p style=\"text-align: justify;\"><a href=\"http:\/\/www.maralboran.com\/principal\/alejandro-perez-garcia-maestro-internacional-de-ajedrez\/05-alejandro-perez-garcia\/\" rel=\"attachment wp-att-3774\"><img loading=\"lazy\" decoding=\"async\" class=\"alignleft wp-image-3774\" src=\"http:\/\/www.maralboran.com\/principal\/wp-content\/uploads\/2016\/11\/05-alejandro-perez-garcia.jpg\" alt=\"05-alejandro-perez-garcia\" width=\"261\" height=\"231\" \/><\/a><\/p>\n<p style=\"text-align: justify;\"><strong>Por \u00abLOS REPORTEROS\u00bb.-<\/strong><\/p>\n<p style=\"text-align: justify;\">Alejandro P\u00e9rez Garc\u00eda, alumno de 1\u00ba de bachillerato, consigui\u00f3 recientemente un gran \u00e9xito deportivo, el t\u00edtulo de Maestro Internacional de Ajedrez. Si el m\u00e9rito de este hecho es rese\u00f1able tal cual, el haberlo conseguido con tan s\u00f3lo 16 a\u00f1os lo convierte en una proeza colosal.<\/p>\n<p style=\"text-align: justify;\">En la entrevista, Alejandro se muestra afable, muy educado, y se expresa con una precisi\u00f3n y correcci\u00f3n impropias de su edad. Pero al mismo tiempo, transmite una timidez tierna e infantil que nos recuerda su verdadera edad.<\/p>\n<div id=\"attachment_3776\" style=\"width: 270px\" class=\"wp-caption alignright\"><a href=\"http:\/\/www.maralboran.com\/principal\/alejandro-perez-garcia-maestro-internacional-de-ajedrez\/01-en-la-escuela-de-ajedrez-de-miguel-abril\/\" rel=\"attachment wp-att-3776\"><img loading=\"lazy\" decoding=\"async\" aria-describedby=\"caption-attachment-3776\" class=\"wp-image-3776\" src=\"http:\/\/www.maralboran.com\/principal\/wp-content\/uploads\/2016\/11\/01-en-la-Escuela-de-Ajedrez-de-Miguel-Abril.jpg\" alt=\"01-en-la-escuela-de-ajedrez-de-miguel-abril\" width=\"260\" height=\"347\" \/><\/a><p id=\"caption-attachment-3776\" class=\"wp-caption-text\">Alejandro en la escuela de Ajedrez<\/p><\/div>\n<p style=\"text-align: justify;\">Comenz\u00f3 a jugar al ajedrez en el colegio a la edad de 7 a\u00f1os. El maestro que les ense\u00f1aba las reglas b\u00e1sicas comprob\u00f3 su talento innato, y le aconsej\u00f3 recibir clases especializadas (cu\u00e1ntas vocaciones habr\u00e1n surgido del buen consejo de un maestro sensible)<\/p>\n<p style=\"text-align: justify;\">Pronto comenz\u00f3 a competir, una vor\u00e1gine de torneos y viajes en la que sus padres fueron vitales, le apoyaron en todo momento, fueron muchos kil\u00f3metros, muchos hoteles. Pero tambi\u00e9n tiene palabras de agradecimiento para la Federaci\u00f3n, que le ha costeado los viajes y torneos m\u00e1s exigentes en el extranjero.<\/p>\n<p style=\"text-align: justify;\"><em>\u201cDestacar\u00eda su fuerte personalidad, es un luchador que rara vez concede tablas (el empate en ajedrez). Pero sobre todo es una gran persona, querido por todos y que nunca ha tenido problemas con nadie. Es un referente para la escuela de ajedrez\u201d<\/em><\/p>\n<p style=\"text-align: justify;\">As\u00ed lo describe Miguel Abril, monitor de la Escuela Municipal de Ajedrez de Estepona, quien guio sus primeros pasos. \u00c9l trenz\u00f3 los mimbres del gran jugador y le transmiti\u00f3 la pasi\u00f3n por este deporte. Y es que Miguel Abril no es un monitor al uso; es un entusiasta rom\u00e1ntico que ha dedicado su vida a transmitir la afici\u00f3n por este deporte, especialmente entre los m\u00e1s j\u00f3venes. Y sigue haci\u00e9ndolo en su escuela municipal y en los talleres que imparte en los colegios e institutos. Por su parte, Alejandro reconoce en Miguel Abril una figura fundamental en su vocaci\u00f3n, y alaba su labor como educador.<\/p>\n<div id=\"attachment_3775\" style=\"width: 272px\" class=\"wp-caption alignright\"><a href=\"http:\/\/www.maralboran.com\/principal\/alejandro-perez-garcia-maestro-internacional-de-ajedrez\/08-campeonato-absoluto-espana\/\" rel=\"attachment wp-att-3775\"><img loading=\"lazy\" decoding=\"async\" aria-describedby=\"caption-attachment-3775\" class=\"wp-image-3775\" src=\"http:\/\/www.maralboran.com\/principal\/wp-content\/uploads\/2016\/11\/08-Campeonato-absoluto-Espa\u00f1a-1024x683.jpg\" alt=\"08-campeonato-absoluto-espana\" width=\"262\" height=\"174\" \/><\/a><p id=\"caption-attachment-3775\" class=\"wp-caption-text\">Campeonato Absoluto de Espa\u00f1a<\/p><\/div>\n<p style=\"text-align: justify;\">Alejandro defiende la difusi\u00f3n del ajedrez y su presencia en las escuelas, y pone su caso como ejemplo. Nos cuenta que el ajedrez le ha aportado concentraci\u00f3n, capacidad de c\u00e1lculo mental, incluso ha aprendido ingl\u00e9s con los libros e internet. Pero sobre todo, ha conocido muchas personas que comparten su afici\u00f3n. Adem\u00e1s, el ajedrez le ha permitido viajar por toda la geograf\u00eda espa\u00f1ola, y ha competido en torneos Europeos y Mundiales del m\u00e1ximo nivel en Eslovenia Georgia y Grecia.<\/p>\n<p style=\"text-align: justify;\">\u201c<em>De Grecia guardo un grato recuerdo, pues disfrutaba de las ma\u00f1anas libres para pasear, conocer la ciudad y convivir con los otros j\u00f3venes.\u201d<\/em><\/p>\n<p style=\"text-align: justify;\">Recuerda con orgullo el art\u00edculo que Leontxo Garc\u00eda, periodista ajedrec\u00edstico de prestigio, le dedic\u00f3 en El Pa\u00eds comentando una partida suya en la que consigui\u00f3 una meritoria victoria. Y confiesa sentirse inspirado por el ajedrecista noruego y campe\u00f3n mundial Magnus Calsen:\u00a0<em>\u00abAdmiro su juego pragm\u00e1tico pero a la vez creativo.\u201d<\/em><\/p>\n<div id=\"attachment_3777\" style=\"width: 273px\" class=\"wp-caption alignleft\"><a href=\"http:\/\/www.maralboran.com\/principal\/alejandro-perez-garcia-maestro-internacional-de-ajedrez\/10-simultanea-estepona-25-tableros\/\" rel=\"attachment wp-att-3777\"><img loading=\"lazy\" decoding=\"async\" aria-describedby=\"caption-attachment-3777\" class=\"wp-image-3777\" src=\"http:\/\/www.maralboran.com\/principal\/wp-content\/uploads\/2016\/11\/10-Simultanea-Estepona-25-tableros.jpg\" alt=\"10-simultanea-estepona-25-tableros\" width=\"263\" height=\"176\" \/><\/a><p id=\"caption-attachment-3777\" class=\"wp-caption-text\">Partidas simult\u00e1neas en Estepona. 25 tableros<\/p><\/div>\n<p style=\"text-align: justify;\">Sus planes de futuro no est\u00e1n a\u00fan muy claros. Sabe que quiere estudiar una carrera y compaginarla con el ajedrez, llegar muy lejos en ambos campos, y tomar\u00e1 las decisiones paso a paso cuando llegue el momento. Por nuestra parte, estamos convencidos de que cuando ese momento llegue, las decisiones ser\u00e1n acertadas, pues estar\u00e1n procesadas por una mente sensata y privilegiada, garant\u00eda del \u00e9xito y la felicidad. Y desde el IES Mar del Albor\u00e1n nos sentiremos orgullosos y le diremos:<\/p>\n<p style=\"text-align: justify;\">\u201c\u00a1Te lo mereces Maestro!\u201d.<\/p>\n<p style=\"text-align: justify;\"><a href=\"http:\/\/www.maralboran.com\/images\/#\/Curso%202016-2017\/alejandro%20maestro\/\">VER GALER\u00cdA<\/a><\/p>\n<p style=\"text-align: justify;\"><a href=\"http:\/\/www.maralboran.com\/principal\/alejandro-perez-garcia-maestro-internacional-de-ajedrez\/logo-reporteros\/\" rel=\"attachment wp-att-3782\"><img loading=\"lazy\" decoding=\"async\" class=\"size-full wp-image-3782 aligncenter\" src=\"http:\/\/www.maralboran.com\/principal\/wp-content\/uploads\/2016\/11\/logo-reporteros.png\" alt=\"logo-reporteros\" width=\"461\" height=\"106\" \/><\/a><\/p>\n","protected":false},"excerpt":{"rendered":"<p>Por \u00abLOS REPORTEROS\u00bb.- Alejandro P\u00e9rez Garc\u00eda, alumno de 1\u00ba de bachillerato, consigui\u00f3 recientemente un gran \u00e9xito deportivo, el t\u00edtulo de Maestro Internacional de Ajedrez. Si el m\u00e9rito de este hecho&#46;&#46;&#46;<\/p>\n","protected":false},"author":1,"featured_media":237,"comment_status":"closed","ping_status":"closed","sticky":false,"template":"","format":"standard","meta":{"_price":"","_stock":"","_tribe_ticket_header":"","_tribe_default_ticket_provider":"","_tribe_ticket_capacity":"","_ticket_start_date":"","_ticket_end_date":"","_tribe_ticket_show_description":"","_tribe_ticket_show_not_going":false,"_tribe_ticket_use_global_stock":"","_tribe_ticket_global_stock_level":"","_global_stock_mode":"","_global_stock_cap":"","_tribe_rsvp_for_event":"","_tribe_ticket_going_count":"","_tribe_ticket_not_going_count":"","_tribe_tickets_list":"[]","_tribe_ticket_has_attendee_info_fields":false,"_kadence_starter_templates_imported_post":false,"footnotes":""},"categories":[18],"tags":[],"class_list":["post-236","post","type-post","status-publish","format-standard","has-post-thumbnail","hentry","category-ajedrez"],"gutentor_comment":0,"featured_image_src":"https:\/\/maralboran.eu\/musica\/wp-content\/uploads\/sites\/32\/2017\/08\/alejandro-garcia-mini.png","featured_image_src_square":"https:\/\/maralboran.eu\/musica\/wp-content\/uploads\/sites\/32\/2017\/08\/alejandro-garcia-mini.png","author_info":{"display_name":"administrador","author_link":"https:\/\/maralboran.eu\/musica\/author\/administrador\/"},"_links":{"self":[{"href":"https:\/\/maralboran.eu\/musica\/wp-json\/wp\/v2\/posts\/236","targetHints":{"allow":["GET"]}}],"collection":[{"href":"https:\/\/maralboran.eu\/musica\/wp-json\/wp\/v2\/posts"}],"about":[{"href":"https:\/\/maralboran.eu\/musica\/wp-json\/wp\/v2\/types\/post"}],"author":[{"embeddable":true,"href":"https:\/\/maralboran.eu\/musica\/wp-json\/wp\/v2\/users\/1"}],"replies":[{"embeddable":true,"href":"https:\/\/maralboran.eu\/musica\/wp-json\/wp\/v2\/comments?post=236"}],"version-history":[{"count":0,"href":"https:\/\/maralboran.eu\/musica\/wp-json\/wp\/v2\/posts\/236\/revisions"}],"wp:featuredmedia":[{"embeddable":true,"href":"https:\/\/maralboran.eu\/musica\/wp-json\/wp\/v2\/media\/237"}],"wp:attachment":[{"href":"https:\/\/maralboran.eu\/musica\/wp-json\/wp\/v2\/media?parent=236"}],"wp:term":[{"taxonomy":"category","embeddable":true,"href":"https:\/\/maralboran.eu\/musica\/wp-json\/wp\/v2\/categories?post=236"},{"taxonomy":"post_tag","embeddable":true,"href":"https:\/\/maralboran.eu\/musica\/wp-json\/wp\/v2\/tags?post=236"}],"curies":[{"name":"wp","href":"https:\/\/api.w.org\/{rel}","templated":true}]}}