{"id":2291,"date":"2023-09-14T11:11:53","date_gmt":"2023-09-14T11:11:53","guid":{"rendered":"https:\/\/maralboran.eu\/musica\/?p=2291"},"modified":"2023-09-14T11:11:57","modified_gmt":"2023-09-14T11:11:57","slug":"participamos-en-el-ix-torneo-de-ajedrez-estepona-vive-sus-calles","status":"publish","type":"post","link":"https:\/\/maralboran.eu\/musica\/2023\/09\/14\/participamos-en-el-ix-torneo-de-ajedrez-estepona-vive-sus-calles\/","title":{"rendered":"Participamos en el IX torneo de ajedrez \u00abEstepona Vive sus Calles\u00bb"},"content":{"rendered":"\n<div id=\"section-g865157\" class=\"wp-block-gutentor-e6 section-g865157 gutentor-element gutentor-element-image\">\n<div class=\"gutentor-element-image-box\">\n<div class=\"gutentor-image-thumb\"><img decoding=\"async\" class=\"normal-image\" src=\"https:\/\/i0.wp.com\/maralboran.eu\/wp-content\/uploads\/2023\/03\/Diseno-sin-titulo-7.png?ssl=1\" data-recalc-dims=\"1\" \/><\/div>\n<\/div>\n<\/div>\n<blockquote><hr \/>\n<p><strong>El Departamento de M\u00fasica coordin\u00f3 esta actividad<\/strong><\/p>\n<\/blockquote>\n<p>200 alumnos de 20 centros educativos de Estepona participaron en el IX Torneo Interescolar y el IX Torneo Intercentros, organizado por la Escuela Municipal de Ajedrez en el marco del evento cultural \u201cEstepona Vive su Calles\u201d. Las competiciones tuvieron lugar en un\u00a0 lugar inmejorable, la reformada Plaza del Ajedrez.<\/p>\n<p>El IES\u00a0 Mar de Albor\u00e1n ha participado en todas las ediciones de este evento. Agradecemos a Miguel Abril y al Ayuntamiento de Estepona la organizaci\u00f3n de esta actividad, modelo de convivencia, respeto y deportividad. Tambi\u00e9n felicitamos a nuestros compa\u00f1eros del IES Monterroso por su espl\u00e9ndida victoria en el torneo.\u00a0<\/p>\n<p><a href=\"https:\/\/www.maralboran.eu\/imagevuex3\/Cursos\/2022-2023\/Ajedrez-23-vive-sus-calles\/\"><img loading=\"lazy\" decoding=\"async\" class=\"alignnone wp-image-9510 size-full\" src=\"https:\/\/i0.wp.com\/maralboran.eu\/wp-content\/uploads\/2022\/11\/GALERIA-removebg-preview-e1669109319953.png?resize=100%2C100&amp;ssl=1\" sizes=\"auto, (max-width: 100px) 100vw, 100px\" srcset=\"https:\/\/i0.wp.com\/maralboran.eu\/wp-content\/uploads\/2022\/11\/GALERIA-removebg-preview-e1669109319953.png?w=100&amp;ssl=1 100w, https:\/\/i0.wp.com\/maralboran.eu\/wp-content\/uploads\/2022\/11\/GALERIA-removebg-preview-e1669109319953.png?resize=80%2C80&amp;ssl=1 80w\" alt=\"\" width=\"100\" height=\"100\" \/><\/a><\/p>\n<p><iframe loading=\"lazy\" src=\"https:\/\/www.facebook.com\/plugins\/video.php?height=314&amp;href=https%3A%2F%2Fwww.facebook.com%2Festeponatelevision%2Fvideos%2F698904998637881%2F&amp;show_text=false&amp;width=560&amp;t=0\" width=\"560\" height=\"314\" frameborder=\"0\" scrolling=\"no\" allowfullscreen=\"allowfullscreen\" data-mce-fragment=\"1\"><\/iframe><\/p>\n","protected":false},"excerpt":{"rendered":"<p>El Departamento de M\u00fasica coordin\u00f3 esta actividad 200 alumnos de 20 centros educativos de Estepona participaron en el IX Torneo Interescolar y el IX Torneo Intercentros, organizado por la Escuela&#46;&#46;&#46;<\/p>\n","protected":false},"author":1,"featured_media":2292,"comment_status":"closed","ping_status":"closed","sticky":false,"template":"","format":"standard","meta":{"_price":"","_stock":"","_tribe_ticket_header":"","_tribe_default_ticket_provider":"","_tribe_ticket_capacity":"","_ticket_start_date":"","_ticket_end_date":"","_tribe_ticket_show_description":"","_tribe_ticket_show_not_going":false,"_tribe_ticket_use_global_stock":"","_tribe_ticket_global_stock_level":"","_global_stock_mode":"","_global_stock_cap":"","_tribe_rsvp_for_event":"","_tribe_ticket_going_count":"","_tribe_ticket_not_going_count":"","_tribe_tickets_list":"[]","_tribe_ticket_has_attendee_info_fields":false,"_kadence_starter_templates_imported_post":false,"footnotes":""},"categories":[18],"tags":[],"class_list":["post-2291","post","type-post","status-publish","format-standard","has-post-thumbnail","hentry","category-ajedrez"],"gutentor_comment":0,"featured_image_src":"https:\/\/maralboran.eu\/musica\/wp-content\/uploads\/sites\/32\/2023\/09\/Diseno-sin-titulo-7-1024x481-1-600x400.png","featured_image_src_square":"https:\/\/maralboran.eu\/musica\/wp-content\/uploads\/sites\/32\/2023\/09\/Diseno-sin-titulo-7-1024x481-1-600x481.png","author_info":{"display_name":"administrador","author_link":"https:\/\/maralboran.eu\/musica\/author\/administrador\/"},"_links":{"self":[{"href":"https:\/\/maralboran.eu\/musica\/wp-json\/wp\/v2\/posts\/2291","targetHints":{"allow":["GET"]}}],"collection":[{"href":"https:\/\/maralboran.eu\/musica\/wp-json\/wp\/v2\/posts"}],"about":[{"href":"https:\/\/maralboran.eu\/musica\/wp-json\/wp\/v2\/types\/post"}],"author":[{"embeddable":true,"href":"https:\/\/maralboran.eu\/musica\/wp-json\/wp\/v2\/users\/1"}],"replies":[{"embeddable":true,"href":"https:\/\/maralboran.eu\/musica\/wp-json\/wp\/v2\/comments?post=2291"}],"version-history":[{"count":1,"href":"https:\/\/maralboran.eu\/musica\/wp-json\/wp\/v2\/posts\/2291\/revisions"}],"predecessor-version":[{"id":2293,"href":"https:\/\/maralboran.eu\/musica\/wp-json\/wp\/v2\/posts\/2291\/revisions\/2293"}],"wp:featuredmedia":[{"embeddable":true,"href":"https:\/\/maralboran.eu\/musica\/wp-json\/wp\/v2\/media\/2292"}],"wp:attachment":[{"href":"https:\/\/maralboran.eu\/musica\/wp-json\/wp\/v2\/media?parent=2291"}],"wp:term":[{"taxonomy":"category","embeddable":true,"href":"https:\/\/maralboran.eu\/musica\/wp-json\/wp\/v2\/categories?post=2291"},{"taxonomy":"post_tag","embeddable":true,"href":"https:\/\/maralboran.eu\/musica\/wp-json\/wp\/v2\/tags?post=2291"}],"curies":[{"name":"wp","href":"https:\/\/api.w.org\/{rel}","templated":true}]}}