{"id":2263,"date":"2023-09-14T10:26:17","date_gmt":"2023-09-14T10:26:17","guid":{"rendered":"https:\/\/maralboran.eu\/musica\/?p=2263"},"modified":"2023-09-14T10:26:21","modified_gmt":"2023-09-14T10:26:21","slug":"jornada-deportiva-en-la-playa","status":"publish","type":"post","link":"https:\/\/maralboran.eu\/musica\/2023\/09\/14\/jornada-deportiva-en-la-playa\/","title":{"rendered":"Jornada deportiva en la playa"},"content":{"rendered":"\n<div id=\"section-gea9bd2\" class=\"wp-block-gutentor-e6 section-gea9bd2 gutentor-element gutentor-element-image\">\n<div class=\"gutentor-element-image-box\">\n<div class=\"gutentor-image-thumb\"><img loading=\"lazy\" decoding=\"async\" class=\"normal-image\" src=\"https:\/\/i0.wp.com\/maralboran.eu\/wp-content\/uploads\/2023\/06\/IMG_20230622_140624_1_edit_868979622015313.jpg?ssl=1\" width=\"800\" height=\"368\" \/><\/div>\n<\/div>\n<\/div>\n<hr \/>\n<p>Varios grupos de 2\u00ba de ESO y 1\u00ba de Bachillerato disfrutaron ayer de una jornada refrescante y diferente en la playa de la Rada. Cambiaron las mochilas y los libros por las toallas y mucha crema protectora. Deportes, ba\u00f1os, bocatas y muchas risas para despedir el curso y comenzar el verano de la mejor manera.\u00a0<\/p>\n<p>El Departamento de M\u00fasica colabor\u00f3 en esta iniciativa coordinada por Educaci\u00f3n F\u00edsica<\/p>\n","protected":false},"excerpt":{"rendered":"<p>Varios grupos de 2\u00ba de ESO y 1\u00ba de Bachillerato disfrutaron ayer de una jornada refrescante y diferente en la playa de la Rada. Cambiaron las mochilas y los libros&#46;&#46;&#46;<\/p>\n","protected":false},"author":1,"featured_media":2264,"comment_status":"closed","ping_status":"closed","sticky":false,"template":"","format":"standard","meta":{"_price":"","_stock":"","_tribe_ticket_header":"","_tribe_default_ticket_provider":"","_tribe_ticket_capacity":"","_ticket_start_date":"","_ticket_end_date":"","_tribe_ticket_show_description":"","_tribe_ticket_show_not_going":false,"_tribe_ticket_use_global_stock":"","_tribe_ticket_global_stock_level":"","_global_stock_mode":"","_global_stock_cap":"","_tribe_rsvp_for_event":"","_tribe_ticket_going_count":"","_tribe_ticket_not_going_count":"","_tribe_tickets_list":"[]","_tribe_ticket_has_attendee_info_fields":false,"_kadence_starter_templates_imported_post":false,"footnotes":""},"categories":[1],"tags":[],"class_list":["post-2263","post","type-post","status-publish","format-standard","has-post-thumbnail","hentry","category-sin-categoria"],"gutentor_comment":0,"featured_image_src":"https:\/\/maralboran.eu\/musica\/wp-content\/uploads\/sites\/32\/2023\/09\/IMG_20230622_140624_1_edit_868979622015313-600x400.jpg","featured_image_src_square":"https:\/\/maralboran.eu\/musica\/wp-content\/uploads\/sites\/32\/2023\/09\/IMG_20230622_140624_1_edit_868979622015313-600x414.jpg","author_info":{"display_name":"administrador","author_link":"https:\/\/maralboran.eu\/musica\/author\/administrador\/"},"_links":{"self":[{"href":"https:\/\/maralboran.eu\/musica\/wp-json\/wp\/v2\/posts\/2263","targetHints":{"allow":["GET"]}}],"collection":[{"href":"https:\/\/maralboran.eu\/musica\/wp-json\/wp\/v2\/posts"}],"about":[{"href":"https:\/\/maralboran.eu\/musica\/wp-json\/wp\/v2\/types\/post"}],"author":[{"embeddable":true,"href":"https:\/\/maralboran.eu\/musica\/wp-json\/wp\/v2\/users\/1"}],"replies":[{"embeddable":true,"href":"https:\/\/maralboran.eu\/musica\/wp-json\/wp\/v2\/comments?post=2263"}],"version-history":[{"count":1,"href":"https:\/\/maralboran.eu\/musica\/wp-json\/wp\/v2\/posts\/2263\/revisions"}],"predecessor-version":[{"id":2265,"href":"https:\/\/maralboran.eu\/musica\/wp-json\/wp\/v2\/posts\/2263\/revisions\/2265"}],"wp:featuredmedia":[{"embeddable":true,"href":"https:\/\/maralboran.eu\/musica\/wp-json\/wp\/v2\/media\/2264"}],"wp:attachment":[{"href":"https:\/\/maralboran.eu\/musica\/wp-json\/wp\/v2\/media?parent=2263"}],"wp:term":[{"taxonomy":"category","embeddable":true,"href":"https:\/\/maralboran.eu\/musica\/wp-json\/wp\/v2\/categories?post=2263"},{"taxonomy":"post_tag","embeddable":true,"href":"https:\/\/maralboran.eu\/musica\/wp-json\/wp\/v2\/tags?post=2263"}],"curies":[{"name":"wp","href":"https:\/\/api.w.org\/{rel}","templated":true}]}}