{"id":132,"date":"2013-12-18T19:24:27","date_gmt":"2013-12-18T19:24:27","guid":{"rendered":"http:\/\/maralboran.eu\/musica\/?p=132"},"modified":"2017-08-29T16:08:10","modified_gmt":"2017-08-29T16:08:10","slug":"iv-encuentro-musical-de-la-fundacion-24-horas","status":"publish","type":"post","link":"https:\/\/maralboran.eu\/musica\/2013\/12\/18\/iv-encuentro-musical-de-la-fundacion-24-horas\/","title":{"rendered":"IV encuentro musical de la Fundaci\u00f3n 24 Horas"},"content":{"rendered":"<p style=\"text-align: justify;\">El IES Mar de Albor\u00e1n ha participado en el IV encuentro musical organizado por la Fundaci\u00f3n 24 Horas. Durante la tarde del martes 17 el Palacio de Congresos alberg\u00f3 un recital de m\u00fasica navide\u00f1a en el que participaron todos los colegios del municipio y los institutos Mediterr\u00e1neo y Mar de Albor\u00e1n. Nuestros artistas tuvieron una actuaci\u00f3n destacada y recibieron un diploma de agradecimiento por la participaci\u00f3n. Los temas escogidos fueron:<br \/>\nAnabel Guerrero y grupo, \u201cAll I want for Christmas is you\u201d<br \/>\nRoberto Arag\u00f3n y grupo, \u201cAl rey de los cielos\u201d<br \/>\nEl\u00edas Hern\u00e1ndez, \u201cHappy Christmas\u201d<\/p>\n<p>\u00a0<iframe loading=\"lazy\" src=\"https:\/\/www.youtube.com\/embed\/N12UDdsKxe8?rel=0&amp;showinfo=0\" width=\"840\" height=\"470\" frameborder=\"0\" allowfullscreen=\"allowfullscreen\"><\/iframe><\/p>\n","protected":false},"excerpt":{"rendered":"<p>El IES Mar de Albor\u00e1n ha participado en el IV encuentro musical organizado por la Fundaci\u00f3n 24 Horas. Durante la tarde del martes 17 el Palacio de Congresos alberg\u00f3 un&#46;&#46;&#46;<\/p>\n","protected":false},"author":1,"featured_media":133,"comment_status":"closed","ping_status":"closed","sticky":false,"template":"","format":"standard","meta":{"_price":"","_stock":"","_tribe_ticket_header":"","_tribe_default_ticket_provider":"","_tribe_ticket_capacity":"","_ticket_start_date":"","_ticket_end_date":"","_tribe_ticket_show_description":"","_tribe_ticket_show_not_going":false,"_tribe_ticket_use_global_stock":"","_tribe_ticket_global_stock_level":"","_global_stock_mode":"","_global_stock_cap":"","_tribe_rsvp_for_event":"","_tribe_ticket_going_count":"","_tribe_ticket_not_going_count":"","_tribe_tickets_list":"[]","_tribe_ticket_has_attendee_info_fields":false,"_kadence_starter_templates_imported_post":false,"footnotes":""},"categories":[23],"tags":[],"class_list":["post-132","post","type-post","status-publish","format-standard","has-post-thumbnail","hentry","category-musica-y-baile"],"gutentor_comment":0,"featured_image_src":"https:\/\/maralboran.eu\/musica\/wp-content\/uploads\/sites\/32\/2017\/07\/24h-navidad-mini.jpg","featured_image_src_square":"https:\/\/maralboran.eu\/musica\/wp-content\/uploads\/sites\/32\/2017\/07\/24h-navidad-mini.jpg","author_info":{"display_name":"administrador","author_link":"https:\/\/maralboran.eu\/musica\/author\/administrador\/"},"_links":{"self":[{"href":"https:\/\/maralboran.eu\/musica\/wp-json\/wp\/v2\/posts\/132","targetHints":{"allow":["GET"]}}],"collection":[{"href":"https:\/\/maralboran.eu\/musica\/wp-json\/wp\/v2\/posts"}],"about":[{"href":"https:\/\/maralboran.eu\/musica\/wp-json\/wp\/v2\/types\/post"}],"author":[{"embeddable":true,"href":"https:\/\/maralboran.eu\/musica\/wp-json\/wp\/v2\/users\/1"}],"replies":[{"embeddable":true,"href":"https:\/\/maralboran.eu\/musica\/wp-json\/wp\/v2\/comments?post=132"}],"version-history":[{"count":0,"href":"https:\/\/maralboran.eu\/musica\/wp-json\/wp\/v2\/posts\/132\/revisions"}],"wp:featuredmedia":[{"embeddable":true,"href":"https:\/\/maralboran.eu\/musica\/wp-json\/wp\/v2\/media\/133"}],"wp:attachment":[{"href":"https:\/\/maralboran.eu\/musica\/wp-json\/wp\/v2\/media?parent=132"}],"wp:term":[{"taxonomy":"category","embeddable":true,"href":"https:\/\/maralboran.eu\/musica\/wp-json\/wp\/v2\/categories?post=132"},{"taxonomy":"post_tag","embeddable":true,"href":"https:\/\/maralboran.eu\/musica\/wp-json\/wp\/v2\/tags?post=132"}],"curies":[{"name":"wp","href":"https:\/\/api.w.org\/{rel}","templated":true}]}}