{"id":357,"date":"2016-06-05T17:43:59","date_gmt":"2016-06-05T17:43:59","guid":{"rendered":"http:\/\/maralboran.eu\/matematicas\/?p=357"},"modified":"2016-06-13T19:26:09","modified_gmt":"2016-06-13T19:26:09","slug":"series-de-rtve-mas-por-menos-y-universo-matematico","status":"publish","type":"post","link":"https:\/\/maralboran.eu\/matematicas\/2016\/06\/05\/series-de-rtve-mas-por-menos-y-universo-matematico\/","title":{"rendered":"Series de RTVE \u00abM\u00e1s por menos\u00bb y \u00abUniverso matem\u00e1tico\u00bb"},"content":{"rendered":"<p><img loading=\"lazy\" decoding=\"async\" class=\"alignright wp-image-355 size-full\" src=\"http:\/\/maralboran.eu\/matematicas\/wp-content\/uploads\/sites\/8\/2016\/06\/maspormenos.png\" alt=\"maspormenos\" width=\"160\" height=\"90\" \/><strong>M\u00e1s por menos:<\/strong><\/p>\n<p>Las matem\u00e1ticas est\u00e1n m\u00e1s cerca de todos nosotros de lo que pensamos. &#8216;M\u00e1s por menos&#8217; ofrece explicaciones sencillas y did\u00e1cticas sobre conceptos matem\u00e1ticos y su correspondencia con la realidad, sin ser necesaria una formaci\u00f3n previa para entender los conceptos explicados.<\/p>\n<p>Serie emitida en \u2018<a href=\"http:\/\/www.rtve.es\/alacarta\/videos\/la-aventura-del-saber\/\" target=\"_blank\">La aventura del saber<\/a>\u2019\u00a0(RTVE)<\/p>\n<p><strong><a href=\"http:\/\/www.rtve.es\/alacarta\/videos\/mas-por-menos\/\" target=\"_blank\">Ver la serie \u00abM\u00e1s por menos\u00bb<\/a> <img loading=\"lazy\" decoding=\"async\" class=\"alignnone wp-image-363\" src=\"http:\/\/maralboran.eu\/matematicas\/wp-content\/uploads\/sites\/8\/2016\/05\/link.png\" alt=\"link\" width=\"15\" height=\"15\" srcset=\"https:\/\/maralboran.eu\/matematicas\/wp-content\/uploads\/sites\/8\/2016\/05\/link.png 36w, https:\/\/maralboran.eu\/matematicas\/wp-content\/uploads\/sites\/8\/2016\/05\/link-150x150.png 150w, https:\/\/maralboran.eu\/matematicas\/wp-content\/uploads\/sites\/8\/2016\/05\/link-160x160.png 160w, https:\/\/maralboran.eu\/matematicas\/wp-content\/uploads\/sites\/8\/2016\/05\/link-320x320.png 320w\" sizes=\"auto, (max-width: 15px) 100vw, 15px\" \/><\/strong><a href=\"http:\/\/www.rtve.es\/alacarta\/videos\/mas-por-menos\/\" target=\"_blank\"><br \/>\n<\/a><\/p>\n<hr \/>\n<p><strong>Universo matem\u00e1tico:<\/strong><\/p>\n<p><img loading=\"lazy\" decoding=\"async\" class=\"alignright wp-image-358\" src=\"http:\/\/maralboran.eu\/matematicas\/wp-content\/uploads\/sites\/8\/2016\/06\/unimat-300x225.jpg\" alt=\"unimat\" width=\"171\" height=\"128\" srcset=\"https:\/\/maralboran.eu\/matematicas\/wp-content\/uploads\/sites\/8\/2016\/06\/unimat-300x225.jpg 300w, https:\/\/maralboran.eu\/matematicas\/wp-content\/uploads\/sites\/8\/2016\/06\/unimat.jpg 500w\" sizes=\"auto, (max-width: 171px) 100vw, 171px\" \/>Serie documental que recorre la historia de las matem\u00e1ticas, desde los pitag\u00f3ricos hasta los investigadores del presente. Su objetivo es ense\u00f1ar como la aparici\u00f3n de nuevas ideas matem\u00e1ticas responde a los problemas concretos de cada \u00e9poca y contexto.<\/p>\n<div class=\"extra mark\">\n<p>Serie documental emitida en \u2018<a href=\"http:\/\/www.rtve.es\/alacarta\/videos\/la-aventura-del-saber\/\" target=\"_blank\">La aventura del saber<\/a>\u2019\u00a0(RTVE)<\/p>\n<p><strong><a href=\"http:\/\/www.rtve.es\/alacarta\/videos\/universo-matematico\/\" target=\"_blank\">Ver la serie \u00abUniverso matem\u00e1tico\u00bb<\/a> <img loading=\"lazy\" decoding=\"async\" class=\"alignnone wp-image-363\" src=\"http:\/\/maralboran.eu\/matematicas\/wp-content\/uploads\/sites\/8\/2016\/05\/link.png\" alt=\"link\" width=\"15\" height=\"15\" srcset=\"https:\/\/maralboran.eu\/matematicas\/wp-content\/uploads\/sites\/8\/2016\/05\/link.png 36w, https:\/\/maralboran.eu\/matematicas\/wp-content\/uploads\/sites\/8\/2016\/05\/link-150x150.png 150w, https:\/\/maralboran.eu\/matematicas\/wp-content\/uploads\/sites\/8\/2016\/05\/link-160x160.png 160w, https:\/\/maralboran.eu\/matematicas\/wp-content\/uploads\/sites\/8\/2016\/05\/link-320x320.png 320w\" sizes=\"auto, (max-width: 15px) 100vw, 15px\" \/><\/strong><\/p>\n<\/div>\n","protected":false},"excerpt":{"rendered":"<p>M\u00e1s por menos: Las matem\u00e1ticas est\u00e1n m\u00e1s cerca de todos nosotros de lo que pensamos. &#8216;M\u00e1s por menos&#8217; ofrece explicaciones sencillas y did\u00e1cticas sobre conceptos matem\u00e1ticos y su correspondencia con la realidad, sin ser&#46;&#46;&#46;<\/p>\n","protected":false},"author":11,"featured_media":360,"comment_status":"open","ping_status":"open","sticky":false,"template":"","format":"standard","meta":{"_price":"","_stock":"","_tribe_ticket_header":"","_tribe_default_ticket_provider":"","_tribe_ticket_capacity":"","_ticket_start_date":"","_ticket_end_date":"","_tribe_ticket_show_description":"","_tribe_ticket_show_not_going":false,"_tribe_ticket_use_global_stock":"","_tribe_ticket_global_stock_level":"","_global_stock_mode":"","_global_stock_cap":"","_tribe_rsvp_for_event":"","_tribe_ticket_going_count":"","_tribe_ticket_not_going_count":"","_tribe_tickets_list":"[]","_tribe_ticket_has_attendee_info_fields":false,"_kadence_starter_templates_imported_post":false,"footnotes":""},"categories":[10],"tags":[],"class_list":["post-357","post","type-post","status-publish","format-standard","has-post-thumbnail","hentry","category-videos"],"gutentor_comment":4,"featured_image_src":"https:\/\/maralboran.eu\/matematicas\/wp-content\/uploads\/sites\/8\/2016\/06\/unimas.png","featured_image_src_square":"https:\/\/maralboran.eu\/matematicas\/wp-content\/uploads\/sites\/8\/2016\/06\/unimas.png","author_info":{"display_name":"matematicas","author_link":"https:\/\/maralboran.eu\/matematicas\/author\/matematicas\/"},"_links":{"self":[{"href":"https:\/\/maralboran.eu\/matematicas\/wp-json\/wp\/v2\/posts\/357","targetHints":{"allow":["GET"]}}],"collection":[{"href":"https:\/\/maralboran.eu\/matematicas\/wp-json\/wp\/v2\/posts"}],"about":[{"href":"https:\/\/maralboran.eu\/matematicas\/wp-json\/wp\/v2\/types\/post"}],"author":[{"embeddable":true,"href":"https:\/\/maralboran.eu\/matematicas\/wp-json\/wp\/v2\/users\/11"}],"replies":[{"embeddable":true,"href":"https:\/\/maralboran.eu\/matematicas\/wp-json\/wp\/v2\/comments?post=357"}],"version-history":[{"count":5,"href":"https:\/\/maralboran.eu\/matematicas\/wp-json\/wp\/v2\/posts\/357\/revisions"}],"predecessor-version":[{"id":367,"href":"https:\/\/maralboran.eu\/matematicas\/wp-json\/wp\/v2\/posts\/357\/revisions\/367"}],"wp:featuredmedia":[{"embeddable":true,"href":"https:\/\/maralboran.eu\/matematicas\/wp-json\/wp\/v2\/media\/360"}],"wp:attachment":[{"href":"https:\/\/maralboran.eu\/matematicas\/wp-json\/wp\/v2\/media?parent=357"}],"wp:term":[{"taxonomy":"category","embeddable":true,"href":"https:\/\/maralboran.eu\/matematicas\/wp-json\/wp\/v2\/categories?post=357"},{"taxonomy":"post_tag","embeddable":true,"href":"https:\/\/maralboran.eu\/matematicas\/wp-json\/wp\/v2\/tags?post=357"}],"curies":[{"name":"wp","href":"https:\/\/api.w.org\/{rel}","templated":true}]}}