{"id":72,"date":"2018-06-08T19:17:44","date_gmt":"2018-06-08T19:17:44","guid":{"rendered":"http:\/\/maralboran.eu\/librocomplice\/?p=72"},"modified":"2018-06-15T11:45:06","modified_gmt":"2018-06-15T11:45:06","slug":"un-saco-de-canicas-autor-joseph-joffo","status":"publish","type":"post","link":"https:\/\/maralboran.eu\/librocomplice\/2018\/06\/08\/un-saco-de-canicas-autor-joseph-joffo\/","title":{"rendered":"Un saco de canicas. Autor: Joseph Joffo."},"content":{"rendered":"<p>SINOPSIS DE LA EDITORIAL.<\/p>\n<p style=\"text-align: justify\">\u00abEste libro, es el libro del miedo, de la angustia y del sufrimiento, podr\u00eda haber sido tambi\u00e9n el libro del odio, pero es, en resumidas cuentas, un grito de esperanza y amor.\u00bb\u00a0<strong>Bernard Clavel<\/strong>\u00a0\u00abEntre los testimonios sin nombre dedicados a los tiempos malditos, este es \u00fanico, por la naturaleza de la experiencia, la emoci\u00f3n, la alegr\u00eda, el dolor infantil. Y est\u00e1 relatado de tal modo que la aventura agarra, arrastra, lleva al lector de p\u00e1gina en p\u00e1gina hasta la \u00faltima l\u00ednea.\u00bb\u00a0<strong>Joseph Kessel<\/strong>\u00a0\u00abUna espontaneidad, un humor, una ternura, una emoci\u00f3n discreta hacen de este libro uno totalmente diferente a los dem\u00e1s.\u00bb\u00a0<strong>La Croix<\/strong>\u00a0\u00ab<strong>Joffo<\/strong>\u00a0es un narrador nato.\u00bb\u00a0<strong>Kirkus Reviews.<\/strong><\/p>\n<div class=\"video-container\"><iframe loading=\"lazy\" title=\"Un saco canicas.  Joseph Jofro\" width=\"500\" height=\"281\" src=\"https:\/\/www.youtube.com\/embed\/0kW2TA5eIoY?feature=oembed&#038;wmode=opaque\" frameborder=\"0\" allow=\"accelerometer; autoplay; clipboard-write; encrypted-media; gyroscope; picture-in-picture; web-share\" referrerpolicy=\"strict-origin-when-cross-origin\" allowfullscreen><\/iframe><\/div>\n<div class=\"video-container\"><iframe loading=\"lazy\" title=\"Un saco de canicas.  Joseph Jofro\" width=\"500\" height=\"281\" src=\"https:\/\/www.youtube.com\/embed\/QAmJGIKRbZg?feature=oembed&#038;wmode=opaque\" frameborder=\"0\" allow=\"accelerometer; autoplay; clipboard-write; encrypted-media; gyroscope; picture-in-picture; web-share\" referrerpolicy=\"strict-origin-when-cross-origin\" allowfullscreen><\/iframe><\/div>\n<p>&nbsp;<\/p>\n","protected":false},"excerpt":{"rendered":"<p>SINOPSIS DE LA EDITORIAL. \u00abEste libro, es el libro del miedo, de la angustia y del sufrimiento, podr\u00eda haber sido tambi\u00e9n el libro del odio, pero es, en resumidas cuentas, un grito de esperanza&#46;&#46;&#46;<\/p>\n","protected":false},"author":38,"featured_media":73,"comment_status":"open","ping_status":"open","sticky":false,"template":"","format":"standard","meta":{"_price":"","_stock":"","_tribe_ticket_header":"","_tribe_default_ticket_provider":"","_tribe_ticket_capacity":"","_ticket_start_date":"","_ticket_end_date":"","_tribe_ticket_show_description":"","_tribe_ticket_show_not_going":false,"_tribe_ticket_use_global_stock":"","_tribe_ticket_global_stock_level":"","_global_stock_mode":"","_global_stock_cap":"","_tribe_rsvp_for_event":"","_tribe_ticket_going_count":"","_tribe_ticket_not_going_count":"","_tribe_tickets_list":"[]","_tribe_ticket_has_attendee_info_fields":false,"_kadence_starter_templates_imported_post":false,"footnotes":""},"categories":[2,6],"tags":[],"class_list":["post-72","post","type-post","status-publish","format-standard","has-post-thumbnail","hentry","category-baner","category-historia"],"gutentor_comment":0,"featured_image_src":"https:\/\/maralboran.eu\/librocomplice\/wp-content\/uploads\/sites\/37\/2018\/06\/saco.png","featured_image_src_square":"https:\/\/maralboran.eu\/librocomplice\/wp-content\/uploads\/sites\/37\/2018\/06\/saco.png","author_info":{"display_name":"librocomplice","author_link":"https:\/\/maralboran.eu\/librocomplice\/author\/librocomplice\/"},"_links":{"self":[{"href":"https:\/\/maralboran.eu\/librocomplice\/wp-json\/wp\/v2\/posts\/72","targetHints":{"allow":["GET"]}}],"collection":[{"href":"https:\/\/maralboran.eu\/librocomplice\/wp-json\/wp\/v2\/posts"}],"about":[{"href":"https:\/\/maralboran.eu\/librocomplice\/wp-json\/wp\/v2\/types\/post"}],"author":[{"embeddable":true,"href":"https:\/\/maralboran.eu\/librocomplice\/wp-json\/wp\/v2\/users\/38"}],"replies":[{"embeddable":true,"href":"https:\/\/maralboran.eu\/librocomplice\/wp-json\/wp\/v2\/comments?post=72"}],"version-history":[{"count":0,"href":"https:\/\/maralboran.eu\/librocomplice\/wp-json\/wp\/v2\/posts\/72\/revisions"}],"wp:featuredmedia":[{"embeddable":true,"href":"https:\/\/maralboran.eu\/librocomplice\/wp-json\/wp\/v2\/media\/73"}],"wp:attachment":[{"href":"https:\/\/maralboran.eu\/librocomplice\/wp-json\/wp\/v2\/media?parent=72"}],"wp:term":[{"taxonomy":"category","embeddable":true,"href":"https:\/\/maralboran.eu\/librocomplice\/wp-json\/wp\/v2\/categories?post=72"},{"taxonomy":"post_tag","embeddable":true,"href":"https:\/\/maralboran.eu\/librocomplice\/wp-json\/wp\/v2\/tags?post=72"}],"curies":[{"name":"wp","href":"https:\/\/api.w.org\/{rel}","templated":true}]}}