{"id":29,"date":"2016-11-10T08:46:10","date_gmt":"2016-11-10T08:46:10","guid":{"rendered":"http:\/\/maralboran.eu\/formajoven\/?p=29"},"modified":"2017-03-15T08:47:49","modified_gmt":"2017-03-15T08:47:49","slug":"actividad-de-prevencion-del-sida","status":"publish","type":"post","link":"https:\/\/maralboran.eu\/formajoven\/2016\/11\/10\/actividad-de-prevencion-del-sida\/","title":{"rendered":"Actividad de prevenci\u00f3n del SIDA"},"content":{"rendered":"<p><a href=\"http:\/\/www.maralboran.com\/principal\/actividad-de-prevencion-del-sida\/olympus-digital-camera-59\/\" rel=\"attachment wp-att-3842\"><img loading=\"lazy\" decoding=\"async\" class=\"wp-image-3842 alignleft\" src=\"http:\/\/www.maralboran.com\/principal\/wp-content\/uploads\/2016\/11\/PB070002-1024x768.jpg\" alt=\"OLYMPUS DIGITAL CAMERA\" width=\"261\" height=\"196\" \/><\/a><\/p>\n<p style=\"text-align: justify;\">Como en a\u00f1os anteriores, el Departamento de Orientaci\u00f3n ha contado, dentro de las actividades del <strong>Plan de Acci\u00f3n Tutorial<\/strong>, con la inestimable colaboraci\u00f3n de la <strong>Asociaci\u00f3n Concordia<\/strong> que es una Asociaci\u00f3n sin \u00e1nimo de lucro dedicada a trabajar en la intervenci\u00f3n y en la prevenci\u00f3n del SIDA.<\/p>\n<p style=\"text-align: justify;\">En nuestro centro los talleres se centran en el \u00e1mbito de la prevenci\u00f3n a trav\u00e9s de diferentes metodolog\u00edas, adaptadas a cada nivel. Estos talleres se han aplicado en 1\u00ba y 2\u00ba de FPB, en 4\u00ba de E.S.O. y 1\u00ba de Bachillerato.<\/p>\n","protected":false},"excerpt":{"rendered":"<p>Como en a\u00f1os anteriores, el Departamento de Orientaci\u00f3n ha contado, dentro de las actividades del Plan de Acci\u00f3n Tutorial, con la inestimable colaboraci\u00f3n de la Asociaci\u00f3n Concordia que es una Asociaci\u00f3n sin \u00e1nimo de&#46;&#46;&#46;<\/p>\n","protected":false},"author":1,"featured_media":30,"comment_status":"closed","ping_status":"closed","sticky":false,"template":"","format":"standard","meta":{"_price":"","_stock":"","_tribe_ticket_header":"","_tribe_default_ticket_provider":"","_tribe_ticket_capacity":"","_ticket_start_date":"","_ticket_end_date":"","_tribe_ticket_show_description":"","_tribe_ticket_show_not_going":false,"_tribe_ticket_use_global_stock":"","_tribe_ticket_global_stock_level":"","_global_stock_mode":"","_global_stock_cap":"","_tribe_rsvp_for_event":"","_tribe_ticket_going_count":"","_tribe_ticket_not_going_count":"","_tribe_tickets_list":"[]","_tribe_ticket_has_attendee_info_fields":false,"_kadence_starter_templates_imported_post":false,"footnotes":""},"categories":[1],"tags":[],"class_list":["post-29","post","type-post","status-publish","format-standard","has-post-thumbnail","hentry","category-sin-categoria"],"gutentor_comment":0,"featured_image_src":"https:\/\/maralboran.eu\/formajoven\/wp-content\/uploads\/sites\/34\/2017\/03\/PB070002.jpg","featured_image_src_square":"https:\/\/maralboran.eu\/formajoven\/wp-content\/uploads\/sites\/34\/2017\/03\/PB070002.jpg","author_info":{"display_name":"administrador","author_link":"https:\/\/maralboran.eu\/formajoven\/author\/administrador\/"},"_links":{"self":[{"href":"https:\/\/maralboran.eu\/formajoven\/wp-json\/wp\/v2\/posts\/29","targetHints":{"allow":["GET"]}}],"collection":[{"href":"https:\/\/maralboran.eu\/formajoven\/wp-json\/wp\/v2\/posts"}],"about":[{"href":"https:\/\/maralboran.eu\/formajoven\/wp-json\/wp\/v2\/types\/post"}],"author":[{"embeddable":true,"href":"https:\/\/maralboran.eu\/formajoven\/wp-json\/wp\/v2\/users\/1"}],"replies":[{"embeddable":true,"href":"https:\/\/maralboran.eu\/formajoven\/wp-json\/wp\/v2\/comments?post=29"}],"version-history":[{"count":0,"href":"https:\/\/maralboran.eu\/formajoven\/wp-json\/wp\/v2\/posts\/29\/revisions"}],"wp:featuredmedia":[{"embeddable":true,"href":"https:\/\/maralboran.eu\/formajoven\/wp-json\/wp\/v2\/media\/30"}],"wp:attachment":[{"href":"https:\/\/maralboran.eu\/formajoven\/wp-json\/wp\/v2\/media?parent=29"}],"wp:term":[{"taxonomy":"category","embeddable":true,"href":"https:\/\/maralboran.eu\/formajoven\/wp-json\/wp\/v2\/categories?post=29"},{"taxonomy":"post_tag","embeddable":true,"href":"https:\/\/maralboran.eu\/formajoven\/wp-json\/wp\/v2\/tags?post=29"}],"curies":[{"name":"wp","href":"https:\/\/api.w.org\/{rel}","templated":true}]}}