{"id":25,"date":"2016-10-15T08:43:01","date_gmt":"2016-10-15T08:43:01","guid":{"rendered":"http:\/\/maralboran.eu\/formajoven\/?p=25"},"modified":"2017-03-15T08:43:57","modified_gmt":"2017-03-15T08:43:57","slug":"campana-de-fotoproteccion-programa-formajoven","status":"publish","type":"post","link":"https:\/\/maralboran.eu\/formajoven\/2016\/10\/15\/campana-de-fotoproteccion-programa-formajoven\/","title":{"rendered":"Campa\u00f1a de fotoprotecci\u00f3n. Programa Formajoven"},"content":{"rendered":"<p style=\"text-align: justify;\"><a href=\"http:\/\/www.maralboran.com\/principal\/campana-de-fotoproteccion\/sol-2\/\" rel=\"attachment wp-att-3597\"><img loading=\"lazy\" decoding=\"async\" class=\"alignleft wp-image-3597\" src=\"http:\/\/www.maralboran.com\/principal\/wp-content\/uploads\/2016\/10\/sol.png\" alt=\"\" width=\"252\" height=\"251\" \/><\/a>Dentro del Programa Forma Joven, el jueves 13 del presente mes de octubre en el recreo, realizamos una campa\u00f1a sobre FOTOPROTECCI\u00d3N.<\/p>\n<p style=\"text-align: justify;\">El objetivo es difundir e informar sobre diversas actuaciones a seguir con el concepto \u00abeducando en fotoprotecci\u00f3n\u00bb a partir de las recomendaciones de la Agencia Sanitaria de la Costa del Sol y en colaboraci\u00f3n con el Hospital Comarcal. Pretendemos establecer modelos de conducta y h\u00e1bitos de protecci\u00f3n dentro de nuestra comunidad educativa.<\/p>\n<p style=\"text-align: justify;\">Se repartieron fotocopias informativas de consejos a seguir y muestras de crema protectora gentileza del laboratorio ISDIN.<\/p>\n<p style=\"text-align: justify;\">Agradecemos la colaboraci\u00f3n, la participaci\u00f3n y la buena acogida de la Comunidad educativa.<\/p>\n<p style=\"text-align: justify;\">Programa Forma Joven<\/p>\n<p style=\"text-align: justify;\"><a href=\"http:\/\/www.maralboran.com\/images\/#\/Curso%202016-2017\/formajoven\/fotoproteccion\/\">VER GALER\u00cdA<\/a><\/p>\n","protected":false},"excerpt":{"rendered":"<p>Dentro del Programa Forma Joven, el jueves 13 del presente mes de octubre en el recreo, realizamos una campa\u00f1a sobre FOTOPROTECCI\u00d3N. El objetivo es difundir e informar sobre diversas actuaciones a seguir con el&#46;&#46;&#46;<\/p>\n","protected":false},"author":1,"featured_media":26,"comment_status":"closed","ping_status":"closed","sticky":false,"template":"","format":"standard","meta":{"_price":"","_stock":"","_tribe_ticket_header":"","_tribe_default_ticket_provider":"","_tribe_ticket_capacity":"","_ticket_start_date":"","_ticket_end_date":"","_tribe_ticket_show_description":"","_tribe_ticket_show_not_going":false,"_tribe_ticket_use_global_stock":"","_tribe_ticket_global_stock_level":"","_global_stock_mode":"","_global_stock_cap":"","_tribe_rsvp_for_event":"","_tribe_ticket_going_count":"","_tribe_ticket_not_going_count":"","_tribe_tickets_list":"[]","_tribe_ticket_has_attendee_info_fields":false,"_kadence_starter_templates_imported_post":false,"footnotes":""},"categories":[1],"tags":[],"class_list":["post-25","post","type-post","status-publish","format-standard","has-post-thumbnail","hentry","category-sin-categoria"],"gutentor_comment":0,"featured_image_src":"https:\/\/maralboran.eu\/formajoven\/wp-content\/uploads\/sites\/34\/2017\/03\/IMG-20161013-WA0001-Copy.jpg","featured_image_src_square":"https:\/\/maralboran.eu\/formajoven\/wp-content\/uploads\/sites\/34\/2017\/03\/IMG-20161013-WA0001-Copy.jpg","author_info":{"display_name":"administrador","author_link":"https:\/\/maralboran.eu\/formajoven\/author\/administrador\/"},"_links":{"self":[{"href":"https:\/\/maralboran.eu\/formajoven\/wp-json\/wp\/v2\/posts\/25","targetHints":{"allow":["GET"]}}],"collection":[{"href":"https:\/\/maralboran.eu\/formajoven\/wp-json\/wp\/v2\/posts"}],"about":[{"href":"https:\/\/maralboran.eu\/formajoven\/wp-json\/wp\/v2\/types\/post"}],"author":[{"embeddable":true,"href":"https:\/\/maralboran.eu\/formajoven\/wp-json\/wp\/v2\/users\/1"}],"replies":[{"embeddable":true,"href":"https:\/\/maralboran.eu\/formajoven\/wp-json\/wp\/v2\/comments?post=25"}],"version-history":[{"count":0,"href":"https:\/\/maralboran.eu\/formajoven\/wp-json\/wp\/v2\/posts\/25\/revisions"}],"wp:featuredmedia":[{"embeddable":true,"href":"https:\/\/maralboran.eu\/formajoven\/wp-json\/wp\/v2\/media\/26"}],"wp:attachment":[{"href":"https:\/\/maralboran.eu\/formajoven\/wp-json\/wp\/v2\/media?parent=25"}],"wp:term":[{"taxonomy":"category","embeddable":true,"href":"https:\/\/maralboran.eu\/formajoven\/wp-json\/wp\/v2\/categories?post=25"},{"taxonomy":"post_tag","embeddable":true,"href":"https:\/\/maralboran.eu\/formajoven\/wp-json\/wp\/v2\/tags?post=25"}],"curies":[{"name":"wp","href":"https:\/\/api.w.org\/{rel}","templated":true}]}}