{"id":952,"date":"2022-10-18T07:31:43","date_gmt":"2022-10-18T07:31:43","guid":{"rendered":"https:\/\/maralboran.eu\/europa\/?p=952"},"modified":"2022-11-25T11:20:10","modified_gmt":"2022-11-25T11:20:10","slug":"cuarta-movilidad-del-proyecto-erasmus-emotions-mapping","status":"publish","type":"post","link":"https:\/\/maralboran.eu\/europa\/2022\/10\/18\/cuarta-movilidad-del-proyecto-erasmus-emotions-mapping\/","title":{"rendered":"Cuarta movilidad del proyecto Erasmus+ \u201ceMotions Mapping\u201d"},"content":{"rendered":"\n<div id=\"section-g3f635e\" class=\"wp-block-gutentor-e6 section-g3f635e gutentor-element gutentor-element-image\">\n<div class=\"gutentor-element-image-box\">\n<div class=\"gutentor-image-thumb\"><img loading=\"lazy\" decoding=\"async\" class=\"normal-image\" src=\"https:\/\/i0.wp.com\/maralboran.eu\/wp-content\/uploads\/2022\/10\/kaunas.jpg?ssl=1\" width=\"800\" height=\"392\" \/><\/div>\n<\/div>\n<\/div>\n<blockquote>\n<div><hr \/>\n<h1 class=\"wp-block wp-block-post-title block-editor-block-list__block editor-post-title editor-post-title__input rich-text\" role=\"textbox\" contenteditable=\"true\" aria-label=\"Escribe un t\u00edtulo\" aria-multiline=\"true\">eMotions Mapping en Kaunas (Lituania)<\/h1>\n<\/div>\n<\/blockquote>\n<div>En la primera semana de octubre hemos retomado el proyecto Erasmus+, \u00abeMotions Mapping\u00bb, que entra en su \u00faltimo curso.\u00a0Participaron por parte del alumnado:\u00a0Alba Fern\u00e1ndez Ram\u00edrez, Ana Coronil Arag\u00f3n, Abril Rodr\u00edguez Torres, Mar\u00eda Torres Dur\u00e1n y Olga Arag\u00f3n Guerrero, siendo acompa\u00f1ados por\u00a0 In\u00e9s Carretero Lombardo y Antonio Rueda Castillo, docentes del IES Mar de Albor\u00e1n. Como en las anteriores ocasiones,\u00a0 en este encuentro han participado tanto alumnado como profesorado de Turqu\u00eda, Italia, Ruman\u00eda, Lituania y Portugal.<\/div>\n<div>\u00a0<\/div>\n<div>En esta ocasi\u00f3n, la tem\u00e1tica de la movilidad fue la reflexi\u00f3n sobre el bienestar en los centros educativos en relaci\u00f3n a diferentes aspectos, como\u00a0 la tolerancia cultural y social, el bienestar intelectual y cognitivo, el bienestar f\u00edsico, la creaci\u00f3n de ambientes adecuados, el bienestar emocional y espiritual, o el bienestar econ\u00f3mico y ocupacional.<\/div>\n<div>\u00a0<\/div>\n<div>Nuestros socios lituanos nos hicieron disfrutar de Kaunas, una ciudad moderna y activa, que al ser este a\u00f1o la Capital Cultural Europea, nos ha permitido enriquecernos con varias actividades culturales fant\u00e1sticas. Tambi\u00e9n, tuvimos la oportunidad de viajar a Vilnius, la bonita capital del pa\u00eds, y visitar el castillo de Trakai en un entorno natural espectacular.<\/div>\n<div>\u00a0<\/div>\n<div>Volvemos de Kaunas\u00a0 con muy buenas sensaciones, y\u00a0 con unos fant\u00e1sticos recuerdos. La convivencia con\u00a0 los participantes de todos los pa\u00edses nos ha permitido ampliar nuestra mente hacia diferentes culturas.<\/div>\n\n\n\n<div id=\"section-g3c730f\" class=\"wp-block-gutentor-e2 section-g3c730f gutentor-element gutentor-element-button\"><span class=\"gutentor-button-wrap\"><a class=\"gutentor-button gutentor-block-button gutentor-icon-hide\" href=\"https:\/\/www.maralboran.eu\/imagevuex3\/Cursos\/2022-2023\/emapping-Kaunas-Lituania\/\" target=\"_blank\" rel=\"noopener noreferrer\"><i class=\"gutentor-button-icon fas fa-book\"><\/i><span>Galer\u00eda de fotos<\/span><\/a><\/span><\/div>\n","protected":false},"excerpt":{"rendered":"<p>eMotions Mapping en Kaunas (Lituania) En la primera semana de octubre hemos retomado el proyecto Erasmus+, \u00abeMotions Mapping\u00bb, que entra en su \u00faltimo curso.\u00a0Participaron por parte del alumnado:\u00a0Alba Fern\u00e1ndez Ram\u00edrez,&#46;&#46;&#46;<\/p>\n","protected":false},"author":1,"featured_media":966,"comment_status":"closed","ping_status":"closed","sticky":false,"template":"","format":"standard","meta":{"_price":"","_stock":"","_tribe_ticket_header":"","_tribe_default_ticket_provider":"","_tribe_ticket_capacity":"","_ticket_start_date":"","_ticket_end_date":"","_tribe_ticket_show_description":"","_tribe_ticket_show_not_going":false,"_tribe_ticket_use_global_stock":"","_tribe_ticket_global_stock_level":"","_global_stock_mode":"","_global_stock_cap":"","_tribe_rsvp_for_event":"","_tribe_ticket_going_count":"","_tribe_ticket_not_going_count":"","_tribe_tickets_list":"[]","_tribe_ticket_has_attendee_info_fields":false,"_kadence_starter_templates_imported_post":false,"footnotes":""},"categories":[10,5],"tags":[],"class_list":["post-952","post","type-post","status-publish","format-standard","has-post-thumbnail","hentry","category-escolar","category-movilidad"],"gutentor_comment":0,"featured_image_src":"https:\/\/maralboran.eu\/europa\/wp-content\/uploads\/sites\/19\/2022\/10\/kaunas-600x400.jpg","featured_image_src_square":"https:\/\/maralboran.eu\/europa\/wp-content\/uploads\/sites\/19\/2022\/10\/kaunas-600x500.jpg","author_info":{"display_name":"administrador","author_link":"https:\/\/maralboran.eu\/europa\/author\/administrador\/"},"_links":{"self":[{"href":"https:\/\/maralboran.eu\/europa\/wp-json\/wp\/v2\/posts\/952","targetHints":{"allow":["GET"]}}],"collection":[{"href":"https:\/\/maralboran.eu\/europa\/wp-json\/wp\/v2\/posts"}],"about":[{"href":"https:\/\/maralboran.eu\/europa\/wp-json\/wp\/v2\/types\/post"}],"author":[{"embeddable":true,"href":"https:\/\/maralboran.eu\/europa\/wp-json\/wp\/v2\/users\/1"}],"replies":[{"embeddable":true,"href":"https:\/\/maralboran.eu\/europa\/wp-json\/wp\/v2\/comments?post=952"}],"version-history":[{"count":1,"href":"https:\/\/maralboran.eu\/europa\/wp-json\/wp\/v2\/posts\/952\/revisions"}],"predecessor-version":[{"id":994,"href":"https:\/\/maralboran.eu\/europa\/wp-json\/wp\/v2\/posts\/952\/revisions\/994"}],"wp:featuredmedia":[{"embeddable":true,"href":"https:\/\/maralboran.eu\/europa\/wp-json\/wp\/v2\/media\/966"}],"wp:attachment":[{"href":"https:\/\/maralboran.eu\/europa\/wp-json\/wp\/v2\/media?parent=952"}],"wp:term":[{"taxonomy":"category","embeddable":true,"href":"https:\/\/maralboran.eu\/europa\/wp-json\/wp\/v2\/categories?post=952"},{"taxonomy":"post_tag","embeddable":true,"href":"https:\/\/maralboran.eu\/europa\/wp-json\/wp\/v2\/tags?post=952"}],"curies":[{"name":"wp","href":"https:\/\/api.w.org\/{rel}","templated":true}]}}