{"id":917,"date":"2022-10-08T16:32:43","date_gmt":"2022-10-08T16:32:43","guid":{"rendered":"https:\/\/maralboran.eu\/europa\/?p=917"},"modified":"2022-10-08T16:32:45","modified_gmt":"2022-10-08T16:32:45","slug":"evento-multiplicador-proyecto-demeter","status":"publish","type":"post","link":"https:\/\/maralboran.eu\/europa\/2022\/10\/08\/evento-multiplicador-proyecto-demeter\/","title":{"rendered":"Evento Multiplicador Proyecto Demeter"},"content":{"rendered":"\n<hr \/>\n<p><div class=\"video-container\"><iframe loading=\"lazy\" title=\"EVENTO MULTIPLICADOR PROYECTO DEMETER\" width=\"500\" height=\"281\" src=\"https:\/\/www.youtube.com\/embed\/x0epzUzpeyo?feature=oembed&#038;wmode=opaque\" frameborder=\"0\" allow=\"accelerometer; autoplay; clipboard-write; encrypted-media; gyroscope; picture-in-picture; web-share\" referrerpolicy=\"strict-origin-when-cross-origin\" allowfullscreen><\/iframe><\/div><\/p>\n<hr \/>\n<p><span style=\"font-weight: 400;\">Durante las primeras jornadas del curso escolar se ha llevado a cabo el Evento Multiplicador del proyecto Demeter. Este proyecto llega a su fin y su coordinador Juan Carlos Moreno, junto con otros participantes del proyecto, han mostrado las experiencias y conocimientos que han surgido en sus tres a\u00f1os de duraci\u00f3n. Tanto los compa\u00f1eros que han visto rodar este proyecto desde el principio, como los profesores que se incorporan este a\u00f1o, han podido conocer todos los resultados y actividades que han realizado los profesores y alumnos de las diferentes nacionalidades que conforman este proyecto. Han sido varios a\u00f1os de muchos cambios y adaptaciones a diferentes escenarios. Durante este tiempo el proyecto Demeter ha sabido hacer frente a las m\u00e1s desfavorables circunstancias y ha cumplido con cada uno de sus objetivos. El legado del proyecto se recoge en la web <\/span><a href=\"https:\/\/www.thematic-learning.com\/\"><span style=\"font-weight: 400;\">https:\/\/www.thematic-learning.com\/<\/span><\/a><span style=\"font-weight: 400;\">, donde los profesores interesados en implementar el Aprendizaje Tem\u00e1tico a sus clases podr\u00e1n seguir el curso que se ha creado a trav\u00e9s de esta enriquecedora experiencia.<\/span><\/p>\n<hr \/>\n","protected":false},"excerpt":{"rendered":"<p>Durante las primeras jornadas del curso escolar se ha llevado a cabo el Evento Multiplicador del proyecto Demeter. Este proyecto llega a su fin y su coordinador Juan Carlos Moreno,&#46;&#46;&#46;<\/p>\n","protected":false},"author":1,"featured_media":918,"comment_status":"closed","ping_status":"closed","sticky":false,"template":"","format":"standard","meta":{"_price":"","_stock":"","_tribe_ticket_header":"","_tribe_default_ticket_provider":"","_tribe_ticket_capacity":"","_ticket_start_date":"","_ticket_end_date":"","_tribe_ticket_show_description":"","_tribe_ticket_show_not_going":false,"_tribe_ticket_use_global_stock":"","_tribe_ticket_global_stock_level":"","_global_stock_mode":"","_global_stock_cap":"","_tribe_rsvp_for_event":"","_tribe_ticket_going_count":"","_tribe_ticket_not_going_count":"","_tribe_tickets_list":"[]","_tribe_ticket_has_attendee_info_fields":false,"_kadence_starter_templates_imported_post":false,"footnotes":""},"categories":[13],"tags":[],"class_list":["post-917","post","type-post","status-publish","format-standard","has-post-thumbnail","hentry","category-demeter"],"gutentor_comment":0,"featured_image_src":"https:\/\/maralboran.eu\/europa\/wp-content\/uploads\/sites\/19\/2022\/10\/demeter-end-1-600x400.png","featured_image_src_square":"https:\/\/maralboran.eu\/europa\/wp-content\/uploads\/sites\/19\/2022\/10\/demeter-end-1-600x500.png","author_info":{"display_name":"administrador","author_link":"https:\/\/maralboran.eu\/europa\/author\/administrador\/"},"_links":{"self":[{"href":"https:\/\/maralboran.eu\/europa\/wp-json\/wp\/v2\/posts\/917","targetHints":{"allow":["GET"]}}],"collection":[{"href":"https:\/\/maralboran.eu\/europa\/wp-json\/wp\/v2\/posts"}],"about":[{"href":"https:\/\/maralboran.eu\/europa\/wp-json\/wp\/v2\/types\/post"}],"author":[{"embeddable":true,"href":"https:\/\/maralboran.eu\/europa\/wp-json\/wp\/v2\/users\/1"}],"replies":[{"embeddable":true,"href":"https:\/\/maralboran.eu\/europa\/wp-json\/wp\/v2\/comments?post=917"}],"version-history":[{"count":1,"href":"https:\/\/maralboran.eu\/europa\/wp-json\/wp\/v2\/posts\/917\/revisions"}],"predecessor-version":[{"id":993,"href":"https:\/\/maralboran.eu\/europa\/wp-json\/wp\/v2\/posts\/917\/revisions\/993"}],"wp:featuredmedia":[{"embeddable":true,"href":"https:\/\/maralboran.eu\/europa\/wp-json\/wp\/v2\/media\/918"}],"wp:attachment":[{"href":"https:\/\/maralboran.eu\/europa\/wp-json\/wp\/v2\/media?parent=917"}],"wp:term":[{"taxonomy":"category","embeddable":true,"href":"https:\/\/maralboran.eu\/europa\/wp-json\/wp\/v2\/categories?post=917"},{"taxonomy":"post_tag","embeddable":true,"href":"https:\/\/maralboran.eu\/europa\/wp-json\/wp\/v2\/tags?post=917"}],"curies":[{"name":"wp","href":"https:\/\/api.w.org\/{rel}","templated":true}]}}