{"id":914,"date":"2022-06-24T09:06:09","date_gmt":"2022-06-24T09:06:09","guid":{"rendered":"https:\/\/maralboran.eu\/europa\/?p=914"},"modified":"2022-06-24T09:20:54","modified_gmt":"2022-06-24T09:20:54","slug":"jobshadowing-en-celje","status":"publish","type":"post","link":"https:\/\/maralboran.eu\/europa\/2022\/06\/24\/jobshadowing-en-celje\/","title":{"rendered":"Jobshadowing en Celje"},"content":{"rendered":"\n<p><div class=\"video-container\"><iframe loading=\"lazy\" title=\"Jobshadowing en Celje, Eslovenia\" width=\"500\" height=\"281\" src=\"https:\/\/www.youtube.com\/embed\/7HzzE7-Wcvc?feature=oembed&#038;wmode=opaque\" frameborder=\"0\" allow=\"accelerometer; autoplay; clipboard-write; encrypted-media; gyroscope; picture-in-picture; web-share\" referrerpolicy=\"strict-origin-when-cross-origin\" allowfullscreen><\/iframe><\/div><\/p>\n\n\n\n<hr \/>\n<p><span style=\"font-weight: 400;\">Durante la semana del 6 al 10 de junio, nuestras profesoras M\u00aa Teresa Mena y Rebeca Palos visitaron con un jobshadowing Erasmus un instituto en Celje, Eslovenia, donde han podido compartir experiencias con las personas que trabajan en este centro educativo.\u00a0<\/span><\/p>\n<p><span style=\"font-weight: 400;\">En esa semana, las profesoras asistieron e impartieron clases de diferentes materias al alumnado esloveno, participaron en reuniones para organizar futuros proyectos comunes, visitaron los puntos culturales e hist\u00f3ricos m\u00e1s importantes del pa\u00eds y tuvieron la oportunidad de conocer a fondo c\u00f3mo funciona el sistema educativo esloveno. Todas estas actividades han favorecido el enriquecimiento profesional de nuestras profesoras y de su labor docente.<\/span><\/p>\n<p><span style=\"font-weight: 400;\">Gracias a Gimnazija Lava y Erasmus+ por haber hecho posible esta experiencia.\u00a0<\/span><\/p>\n","protected":false},"excerpt":{"rendered":"<p>Durante la semana del 6 al 10 de junio, nuestras profesoras M\u00aa Teresa Mena y Rebeca Palos visitaron con un jobshadowing Erasmus un instituto en Celje, Eslovenia, donde han podido&#46;&#46;&#46;<\/p>\n","protected":false},"author":1,"featured_media":915,"comment_status":"closed","ping_status":"closed","sticky":false,"template":"","format":"standard","meta":{"_price":"","_stock":"","_tribe_ticket_header":"","_tribe_default_ticket_provider":"","_tribe_ticket_capacity":"","_ticket_start_date":"","_ticket_end_date":"","_tribe_ticket_show_description":"","_tribe_ticket_show_not_going":false,"_tribe_ticket_use_global_stock":"","_tribe_ticket_global_stock_level":"","_global_stock_mode":"","_global_stock_cap":"","_tribe_rsvp_for_event":"","_tribe_ticket_going_count":"","_tribe_ticket_not_going_count":"","_tribe_tickets_list":"[]","_tribe_ticket_has_attendee_info_fields":false,"_kadence_starter_templates_imported_post":false,"footnotes":""},"categories":[10,5],"tags":[],"class_list":["post-914","post","type-post","status-publish","format-standard","has-post-thumbnail","hentry","category-escolar","category-movilidad"],"gutentor_comment":0,"featured_image_src":"https:\/\/maralboran.eu\/europa\/wp-content\/uploads\/sites\/19\/2022\/06\/Jobshadowing-en-Celje-600x400.png","featured_image_src_square":"https:\/\/maralboran.eu\/europa\/wp-content\/uploads\/sites\/19\/2022\/06\/Jobshadowing-en-Celje-600x500.png","author_info":{"display_name":"administrador","author_link":"https:\/\/maralboran.eu\/europa\/author\/administrador\/"},"_links":{"self":[{"href":"https:\/\/maralboran.eu\/europa\/wp-json\/wp\/v2\/posts\/914","targetHints":{"allow":["GET"]}}],"collection":[{"href":"https:\/\/maralboran.eu\/europa\/wp-json\/wp\/v2\/posts"}],"about":[{"href":"https:\/\/maralboran.eu\/europa\/wp-json\/wp\/v2\/types\/post"}],"author":[{"embeddable":true,"href":"https:\/\/maralboran.eu\/europa\/wp-json\/wp\/v2\/users\/1"}],"replies":[{"embeddable":true,"href":"https:\/\/maralboran.eu\/europa\/wp-json\/wp\/v2\/comments?post=914"}],"version-history":[{"count":0,"href":"https:\/\/maralboran.eu\/europa\/wp-json\/wp\/v2\/posts\/914\/revisions"}],"wp:featuredmedia":[{"embeddable":true,"href":"https:\/\/maralboran.eu\/europa\/wp-json\/wp\/v2\/media\/915"}],"wp:attachment":[{"href":"https:\/\/maralboran.eu\/europa\/wp-json\/wp\/v2\/media?parent=914"}],"wp:term":[{"taxonomy":"category","embeddable":true,"href":"https:\/\/maralboran.eu\/europa\/wp-json\/wp\/v2\/categories?post=914"},{"taxonomy":"post_tag","embeddable":true,"href":"https:\/\/maralboran.eu\/europa\/wp-json\/wp\/v2\/tags?post=914"}],"curies":[{"name":"wp","href":"https:\/\/api.w.org\/{rel}","templated":true}]}}