{"id":905,"date":"2022-06-06T08:11:34","date_gmt":"2022-06-06T08:11:34","guid":{"rendered":"https:\/\/maralboran.eu\/europa\/?p=905"},"modified":"2022-06-06T08:11:37","modified_gmt":"2022-06-06T08:11:37","slug":"emotions-mapping-se-despide-hasta-el-proximo-curso","status":"publish","type":"post","link":"https:\/\/maralboran.eu\/europa\/2022\/06\/06\/emotions-mapping-se-despide-hasta-el-proximo-curso\/","title":{"rendered":"\u201ceMotions Mapping\u201d se despide hasta el pr\u00f3ximo curso"},"content":{"rendered":"\n<div id=\"section-gb08360\" class=\"wp-block-gutentor-e6 section-gb08360 gutentor-element gutentor-element-image\"><div class=\"gutentor-element-image-box\"><div class=\"gutentor-image-thumb\"><img decoding=\"async\" class=\"normal-image\" src=\"https:\/\/maralboran.eu\/europa\/wp-content\/uploads\/sites\/19\/2022\/06\/IMG_1497.jpg\" \/><\/div><\/div><\/div>\n\n\n\n<hr \/>\n<blockquote>\n<h6><strong>El Proyecto Erasmus+\u00a0 \u201ceMotions Mapping\u201d\u00a0 se despide hasta el pr\u00f3ximo curso.<\/strong><\/h6>\n<\/blockquote>\n<p><img loading=\"lazy\" decoding=\"async\" class=\" wp-image-908 alignleft\" src=\"https:\/\/maralboran.eu\/europa\/wp-content\/uploads\/sites\/19\/2022\/06\/Imagen-alfombrilla-raton-300x252.jpg\" alt=\"\" width=\"160\" height=\"134\" srcset=\"https:\/\/maralboran.eu\/europa\/wp-content\/uploads\/sites\/19\/2022\/06\/Imagen-alfombrilla-raton-300x252.jpg 300w, https:\/\/maralboran.eu\/europa\/wp-content\/uploads\/sites\/19\/2022\/06\/Imagen-alfombrilla-raton-1024x861.jpg 1024w, https:\/\/maralboran.eu\/europa\/wp-content\/uploads\/sites\/19\/2022\/06\/Imagen-alfombrilla-raton-768x646.jpg 768w, https:\/\/maralboran.eu\/europa\/wp-content\/uploads\/sites\/19\/2022\/06\/Imagen-alfombrilla-raton-1536x1291.jpg 1536w, https:\/\/maralboran.eu\/europa\/wp-content\/uploads\/sites\/19\/2022\/06\/Imagen-alfombrilla-raton-2048x1722.jpg 2048w\" sizes=\"auto, (max-width: 160px) 100vw, 160px\" \/>El pasado viernes 3 de junio, el alumnado participante en este Proyecto Erasmus+ se reuni\u00f3 en el sal\u00f3n de actos para recoger su certificado por la actividad realizada en Estepona. Adem\u00e1s recibi\u00f3 un bonito recuerdo, una alfombrilla personalizada con el logo del Proyecto.<\/p>\n<p>Os recordamos que solamente hemos realizado tres movilidades, y que quedan pendientes\u00a0 otras tres movilidades a Lituania, Italia y Ruman\u00eda.<\/p>\n","protected":false},"excerpt":{"rendered":"<p>El Proyecto Erasmus+\u00a0 \u201ceMotions Mapping\u201d\u00a0 se despide hasta el pr\u00f3ximo curso. El pasado viernes 3 de junio, el alumnado participante en este Proyecto Erasmus+ se reuni\u00f3 en el sal\u00f3n de&#46;&#46;&#46;<\/p>\n","protected":false},"author":1,"featured_media":907,"comment_status":"closed","ping_status":"closed","sticky":false,"template":"","format":"standard","meta":{"_price":"","_stock":"","_tribe_ticket_header":"","_tribe_default_ticket_provider":"","_tribe_ticket_capacity":"","_ticket_start_date":"","_ticket_end_date":"","_tribe_ticket_show_description":"","_tribe_ticket_show_not_going":false,"_tribe_ticket_use_global_stock":"","_tribe_ticket_global_stock_level":"","_global_stock_mode":"","_global_stock_cap":"","_tribe_rsvp_for_event":"","_tribe_ticket_going_count":"","_tribe_ticket_not_going_count":"","_tribe_tickets_list":"[]","_tribe_ticket_has_attendee_info_fields":false,"_kadence_starter_templates_imported_post":false,"footnotes":""},"categories":[14],"tags":[],"class_list":["post-905","post","type-post","status-publish","format-standard","has-post-thumbnail","hentry","category-emapping"],"gutentor_comment":0,"featured_image_src":"https:\/\/maralboran.eu\/europa\/wp-content\/uploads\/sites\/19\/2022\/06\/emotionmap-fin-600x400.png","featured_image_src_square":"https:\/\/maralboran.eu\/europa\/wp-content\/uploads\/sites\/19\/2022\/06\/emotionmap-fin-600x500.png","author_info":{"display_name":"administrador","author_link":"https:\/\/maralboran.eu\/europa\/author\/administrador\/"},"_links":{"self":[{"href":"https:\/\/maralboran.eu\/europa\/wp-json\/wp\/v2\/posts\/905","targetHints":{"allow":["GET"]}}],"collection":[{"href":"https:\/\/maralboran.eu\/europa\/wp-json\/wp\/v2\/posts"}],"about":[{"href":"https:\/\/maralboran.eu\/europa\/wp-json\/wp\/v2\/types\/post"}],"author":[{"embeddable":true,"href":"https:\/\/maralboran.eu\/europa\/wp-json\/wp\/v2\/users\/1"}],"replies":[{"embeddable":true,"href":"https:\/\/maralboran.eu\/europa\/wp-json\/wp\/v2\/comments?post=905"}],"version-history":[{"count":1,"href":"https:\/\/maralboran.eu\/europa\/wp-json\/wp\/v2\/posts\/905\/revisions"}],"predecessor-version":[{"id":910,"href":"https:\/\/maralboran.eu\/europa\/wp-json\/wp\/v2\/posts\/905\/revisions\/910"}],"wp:featuredmedia":[{"embeddable":true,"href":"https:\/\/maralboran.eu\/europa\/wp-json\/wp\/v2\/media\/907"}],"wp:attachment":[{"href":"https:\/\/maralboran.eu\/europa\/wp-json\/wp\/v2\/media?parent=905"}],"wp:term":[{"taxonomy":"category","embeddable":true,"href":"https:\/\/maralboran.eu\/europa\/wp-json\/wp\/v2\/categories?post=905"},{"taxonomy":"post_tag","embeddable":true,"href":"https:\/\/maralboran.eu\/europa\/wp-json\/wp\/v2\/tags?post=905"}],"curies":[{"name":"wp","href":"https:\/\/api.w.org\/{rel}","templated":true}]}}