{"id":874,"date":"2022-04-22T09:41:57","date_gmt":"2022-04-22T09:41:57","guid":{"rendered":"https:\/\/maralboran.eu\/europa\/?p=874"},"modified":"2022-04-22T09:41:59","modified_gmt":"2022-04-22T09:41:59","slug":"semana-emotions-mapping-en-el-alboran","status":"publish","type":"post","link":"https:\/\/maralboran.eu\/europa\/2022\/04\/22\/semana-emotions-mapping-en-el-alboran\/","title":{"rendered":"Semana \u201ceMotions Mapping\u00bb en el Albor\u00e1n"},"content":{"rendered":"\n<div id=\"section-g645fd5\" class=\"wp-block-gutentor-e6 section-g645fd5 gutentor-element gutentor-element-image\"><div class=\"gutentor-element-image-box\"><div class=\"gutentor-image-thumb\"><img decoding=\"async\" class=\"normal-image\" src=\"https:\/\/maralboran.eu\/europa\/wp-content\/uploads\/sites\/19\/2022\/04\/emaping.jpg\" \/><\/div><\/div><\/div>\n\n\n\n<hr \/>\n<p>Durante esta semana se desarrollar\u00e1 la segunda movilidad del proyecto Erasmus+ en nuestro centro. Nos visita el alumnado y profesorado de nuestros socios\u00a0 de Lituania, Italia, Turqu\u00eda, Ruman\u00eda, y Portugal.\u00a0<\/p>\n<p>En estas actividades participa alumnado espa\u00f1ol de\u00a0 1\u00ba,3\u00ba,4\u00ba de ESO, 1\u00ba de Bachillerato, y\u00a0 del aula espec\u00edfica, adem\u00e1s de un numeroso grupo de nuestro profesorado.<\/p>\n<p>El alumnado\u00a0 tendr\u00e1 seis talleres de trabajo, cuatro espec\u00edficos y dos culturales, adem\u00e1s de una visita cultural guiada por el Ayuntamiento y un viaje cultural a Sevilla. En los talleres espec\u00edficos trabajar\u00e1n sobre la manipulaci\u00f3n en las redes sociales, c\u00f3mo los medios \u00abhackean\u00bb sus mentes, el uso de la manipulaci\u00f3n en la historia reciente y en la actualidad y su repercusi\u00f3n en el futuro de la UE en relaci\u00f3n a los extremismos y nacionalismos, y otro taller sobre la resoluci\u00f3n de conflictos y el desarrollo de habilidades relacionadas con la inteligencia emocional. En cuanto a los talleres l\u00fadico-culturales, en el primero habr\u00e1 una exhibici\u00f3n a cargo de nuestras campeonas de sevillanas y luego aprenderemos a bailar un ritmo latino. En el segundo, el alumnado realizar\u00e1 una divertida Gymkana para conocer Estepona y algunas de nuestras costumbres.<\/p>\n<p>Para el profesorado visitante tendremos dos talleres en los que les mostraremos nuestro modelo pionero de Convivencia y c\u00f3mo usamos los recursos audiovisuales en la ense\u00f1anza, y en particular en la educaci\u00f3n de valores positivos.<\/p>\n<p>\u00a0<\/p>\n","protected":false},"excerpt":{"rendered":"<p>Durante esta semana se desarrollar\u00e1 la segunda movilidad del proyecto Erasmus+ en nuestro centro. Nos visita el alumnado y profesorado de nuestros socios\u00a0 de Lituania, Italia, Turqu\u00eda, Ruman\u00eda, y Portugal.\u00a0&#46;&#46;&#46;<\/p>\n","protected":false},"author":1,"featured_media":875,"comment_status":"closed","ping_status":"closed","sticky":false,"template":"","format":"standard","meta":{"_price":"","_stock":"","_tribe_ticket_header":"","_tribe_default_ticket_provider":"","_tribe_ticket_capacity":"","_ticket_start_date":"","_ticket_end_date":"","_tribe_ticket_show_description":"","_tribe_ticket_show_not_going":false,"_tribe_ticket_use_global_stock":"","_tribe_ticket_global_stock_level":"","_global_stock_mode":"","_global_stock_cap":"","_tribe_rsvp_for_event":"","_tribe_ticket_going_count":"","_tribe_ticket_not_going_count":"","_tribe_tickets_list":"[]","_tribe_ticket_has_attendee_info_fields":false,"_kadence_starter_templates_imported_post":false,"footnotes":""},"categories":[14,10,5],"tags":[],"class_list":["post-874","post","type-post","status-publish","format-standard","has-post-thumbnail","hentry","category-emapping","category-escolar","category-movilidad"],"gutentor_comment":0,"featured_image_src":"https:\/\/maralboran.eu\/europa\/wp-content\/uploads\/sites\/19\/2022\/04\/IMG_7479-1-scaled-1-600x400.jpg","featured_image_src_square":"https:\/\/maralboran.eu\/europa\/wp-content\/uploads\/sites\/19\/2022\/04\/IMG_7479-1-scaled-1-600x600.jpg","author_info":{"display_name":"administrador","author_link":"https:\/\/maralboran.eu\/europa\/author\/administrador\/"},"_links":{"self":[{"href":"https:\/\/maralboran.eu\/europa\/wp-json\/wp\/v2\/posts\/874","targetHints":{"allow":["GET"]}}],"collection":[{"href":"https:\/\/maralboran.eu\/europa\/wp-json\/wp\/v2\/posts"}],"about":[{"href":"https:\/\/maralboran.eu\/europa\/wp-json\/wp\/v2\/types\/post"}],"author":[{"embeddable":true,"href":"https:\/\/maralboran.eu\/europa\/wp-json\/wp\/v2\/users\/1"}],"replies":[{"embeddable":true,"href":"https:\/\/maralboran.eu\/europa\/wp-json\/wp\/v2\/comments?post=874"}],"version-history":[{"count":0,"href":"https:\/\/maralboran.eu\/europa\/wp-json\/wp\/v2\/posts\/874\/revisions"}],"wp:featuredmedia":[{"embeddable":true,"href":"https:\/\/maralboran.eu\/europa\/wp-json\/wp\/v2\/media\/875"}],"wp:attachment":[{"href":"https:\/\/maralboran.eu\/europa\/wp-json\/wp\/v2\/media?parent=874"}],"wp:term":[{"taxonomy":"category","embeddable":true,"href":"https:\/\/maralboran.eu\/europa\/wp-json\/wp\/v2\/categories?post=874"},{"taxonomy":"post_tag","embeddable":true,"href":"https:\/\/maralboran.eu\/europa\/wp-json\/wp\/v2\/tags?post=874"}],"curies":[{"name":"wp","href":"https:\/\/api.w.org\/{rel}","templated":true}]}}