{"id":863,"date":"2021-12-20T07:36:51","date_gmt":"2021-12-20T07:36:51","guid":{"rendered":"https:\/\/maralboran.eu\/europa\/?p=863"},"modified":"2021-12-20T07:36:53","modified_gmt":"2021-12-20T07:36:53","slug":"proyecto-demeter-encuentro-de-centros-educativos-europeos","status":"publish","type":"post","link":"https:\/\/maralboran.eu\/europa\/2021\/12\/20\/proyecto-demeter-encuentro-de-centros-educativos-europeos\/","title":{"rendered":"Proyecto Demeter: encuentro de centros educativos europeos"},"content":{"rendered":"\n<div id=\"section-gc9e6b9\" class=\"wp-block-gutentor-e6 section-gc9e6b9 gutentor-element gutentor-element-image\"><div class=\"gutentor-element-image-box\"><div class=\"gutentor-image-thumb\"><img decoding=\"async\" class=\"normal-image\" src=\"https:\/\/maralboran.eu\/europa\/wp-content\/uploads\/sites\/19\/2021\/12\/DEMETER-21-1.png\" \/><\/div><\/div><\/div>\n\n\n\n<hr \/>\n<p>Durante los d\u00edas 13, 14, 15 y 16 de diciembre, Estepona ha sido la sede del quinto encuentro internacional de los socios europeos que colaboran en el proyecto Demeter. Durante esta semana se ha recopilado todo el trabajo que se ha venido haciendo en los \u00faltimos dos a\u00f1os. Los profesores del IES Mar de Albor\u00e1n implicados en este proyecto, guiados por su coordinador Juan Carlos Moreno, han podido mostrar su Rover detector de minas antipersona teledirigido. El alumno de Formaci\u00f3n Profesional del ciclo SMR (T\u00e9cnico en Sistemas Microinform\u00e1ticos y Redes) Jaime Alamillo ha sido el encargado de mostrar a las c\u00e1maras de Radio TV Estepona el funcionamiento del mismo.<br \/><br \/>Durante este acto tambi\u00e9n se ha hecho entrega del galard\u00f3n al mejor proyecto europeo del a\u00f1o (2021 EUROPEAN INNOVATIVE TEACHING AWARD) para el proyecto Icaros, tambi\u00e9n desarrollado por profesores de los ciclos de formaci\u00f3n profesional de nuestro centro. No podemos m\u00e1s que reconocer el trabajo que hacen nuestros compa\u00f1eros para conseguir la excelencia educativa y la motivaci\u00f3n de sus alumnos.<\/p>\n<p>\u00a0<\/p>\n\n\n\n<iframe loading=\"lazy\" src=\"https:\/\/www.facebook.com\/plugins\/video.php?height=314&#038;href=https%3A%2F%2Fwww.facebook.com%2Festeponatelevision%2Fvideos%2F589002512193016%2F&#038;show_text=false&#038;width=560&#038;t=0\" width=\"560\" height=\"314\" style=\"border:none;overflow:hidden\" scrolling=\"no\" frameborder=\"0\" allowfullscreen=\"true\" allow=\"autoplay; clipboard-write; encrypted-media; picture-in-picture; web-share\" allowFullScreen=\"true\"><\/iframe>\n","protected":false},"excerpt":{"rendered":"<p>Durante los d\u00edas 13, 14, 15 y 16 de diciembre, Estepona ha sido la sede del quinto encuentro internacional de los socios europeos que colaboran en el proyecto Demeter. Durante&#46;&#46;&#46;<\/p>\n","protected":false},"author":1,"featured_media":864,"comment_status":"closed","ping_status":"closed","sticky":false,"template":"","format":"standard","meta":{"_price":"","_stock":"","_tribe_ticket_header":"","_tribe_default_ticket_provider":"","_tribe_ticket_capacity":"","_ticket_start_date":"","_ticket_end_date":"","_tribe_ticket_show_description":"","_tribe_ticket_show_not_going":false,"_tribe_ticket_use_global_stock":"","_tribe_ticket_global_stock_level":"","_global_stock_mode":"","_global_stock_cap":"","_tribe_rsvp_for_event":"","_tribe_ticket_going_count":"","_tribe_ticket_not_going_count":"","_tribe_tickets_list":"[]","_tribe_ticket_has_attendee_info_fields":false,"_kadence_starter_templates_imported_post":false,"footnotes":""},"categories":[13],"tags":[],"class_list":["post-863","post","type-post","status-publish","format-standard","has-post-thumbnail","hentry","category-demeter"],"gutentor_comment":0,"featured_image_src":"https:\/\/maralboran.eu\/europa\/wp-content\/uploads\/sites\/19\/2021\/12\/DEMETER-21-1-600x400.png","featured_image_src_square":"https:\/\/maralboran.eu\/europa\/wp-content\/uploads\/sites\/19\/2021\/12\/DEMETER-21-1-600x500.png","author_info":{"display_name":"administrador","author_link":"https:\/\/maralboran.eu\/europa\/author\/administrador\/"},"_links":{"self":[{"href":"https:\/\/maralboran.eu\/europa\/wp-json\/wp\/v2\/posts\/863","targetHints":{"allow":["GET"]}}],"collection":[{"href":"https:\/\/maralboran.eu\/europa\/wp-json\/wp\/v2\/posts"}],"about":[{"href":"https:\/\/maralboran.eu\/europa\/wp-json\/wp\/v2\/types\/post"}],"author":[{"embeddable":true,"href":"https:\/\/maralboran.eu\/europa\/wp-json\/wp\/v2\/users\/1"}],"replies":[{"embeddable":true,"href":"https:\/\/maralboran.eu\/europa\/wp-json\/wp\/v2\/comments?post=863"}],"version-history":[{"count":0,"href":"https:\/\/maralboran.eu\/europa\/wp-json\/wp\/v2\/posts\/863\/revisions"}],"wp:featuredmedia":[{"embeddable":true,"href":"https:\/\/maralboran.eu\/europa\/wp-json\/wp\/v2\/media\/864"}],"wp:attachment":[{"href":"https:\/\/maralboran.eu\/europa\/wp-json\/wp\/v2\/media?parent=863"}],"wp:term":[{"taxonomy":"category","embeddable":true,"href":"https:\/\/maralboran.eu\/europa\/wp-json\/wp\/v2\/categories?post=863"},{"taxonomy":"post_tag","embeddable":true,"href":"https:\/\/maralboran.eu\/europa\/wp-json\/wp\/v2\/tags?post=863"}],"curies":[{"name":"wp","href":"https:\/\/api.w.org\/{rel}","templated":true}]}}