{"id":453,"date":"2021-09-20T09:10:00","date_gmt":"2021-09-20T09:10:00","guid":{"rendered":"https:\/\/maralboran.eu\/europa\/?p=453"},"modified":"2021-11-10T10:45:54","modified_gmt":"2021-11-10T10:45:54","slug":"nuevo-reconocimiento-para-el-proyecto-icaros","status":"publish","type":"post","link":"https:\/\/maralboran.eu\/europa\/2021\/09\/20\/nuevo-reconocimiento-para-el-proyecto-icaros\/","title":{"rendered":"Nuevo reconocimiento para el Proyecto ICAROS"},"content":{"rendered":"\n<blockquote>\n<h3><strong>Finalista del\u00a0<em>\u201cPremio a las Mejores Pr\u00e1cticas Educativas en la Uni\u00f3n Europea\u201d.<\/em><\/strong><\/h3>\n<\/blockquote>\n<div>\u00a0<\/div>\n<p><iframe loading=\"lazy\" title=\"YouTube video player\" src=\"https:\/\/www.youtube.com\/embed\/QHgvcKlfZNA\" width=\"560\" height=\"315\" frameborder=\"0\" allowfullscreen=\"allowfullscreen\"><\/iframe><\/p>\n<div>\u00a0<\/div>\n<hr \/>\n<p>El proyecto ICAROS ha obtenido un nuevo reconocimiento al ser seleccionado como finalista del <strong><em>\u201cPremio a las Mejores Pr\u00e1cticas Educativas en la Uni\u00f3n Europea\u201d<\/em><\/strong>. \u00a0El hecho de alcanzar esta final es un gran logro, al concurrir cientos de proyectos de toda Europa. Los resultados se har\u00e1n p\u00fablicos el 20 de octubre.<\/p>\n<p>El Proyecto ICAROS ya recibi\u00f3 la distinci\u00f3n de\u00a0<strong>Ejemplo de Buenas Pr\u00e1cticas\u00a0<\/strong><em>\u201cpara proyectos que se administraron particularmente bien y fueron una fuente de inspiraci\u00f3n para otros en la plataforma de resultados de proyectos Erasmus + de la Comisi\u00f3n Europea\u201d.<\/em><\/p>\n<p>ICAROS\u00a0fue\u00a0un proyecto transnacional de dos\u00a0a\u00f1os\u00a0de\u00a0duraci\u00f3n\u00a0en el que particip\u00f3 el IES\u00a0Mar\u00a0de Albor\u00e1n con escuelas\u00a0de otros\u00a04 pa\u00edses\u00a0europeos:<\/p>\n<ul>\n<li>Wijkmanska gymnasiet. SUECIA (Vasteras)<\/li>\n<li>Ellinogermaniki Agogi. GRECIA (Atenas)<\/li>\n<li>Paul Julius Von Reuter Schule. ALEMANIA (Kassel)<\/li>\n<li>Lyc\u00e9e Saint\u00adExup\u00e9ry. FRANCIA (Toulouse)<\/li>\n<li>IES Mar de Albor\u00e1n. ESPA\u00d1A (Estepona)<\/li>\n<\/ul>\n<p>El proyecto ICAROS ten\u00eda como objetivo promocionar el desarrollo profesional del profesorado y alumnado compartiendo una metodolog\u00eda, las buenas pr\u00e1cticas, el trabajo colaborativo y los resultados.\u00a0Las experiencias educativas se orientaban al dise\u00f1o y montaje conjunto de un Dron y\u00a0 la posterior publicaci\u00f3n de fotograf\u00edas\u00a0y\u00a0v\u00eddeos\u00a0geolocalizados\u00a0en una p\u00e1gina web de libre acceso.<\/p>\n<hr \/>\n<p>En la<img loading=\"lazy\" decoding=\"async\" class=\"wp-image-7466 alignleft\" src=\"https:\/\/i1.wp.com\/maralboran.eu\/wp-content\/uploads\/2021\/09\/demeter-cuadrado.jpg?resize=163%2C163&amp;ssl=1\" sizes=\"auto, (max-width: 163px) 100vw, 163px\" srcset=\"https:\/\/i1.wp.com\/maralboran.eu\/wp-content\/uploads\/2021\/09\/demeter-cuadrado.jpg?resize=300%2C300&amp;ssl=1 300w, https:\/\/i1.wp.com\/maralboran.eu\/wp-content\/uploads\/2021\/09\/demeter-cuadrado.jpg?resize=1024%2C1024&amp;ssl=1 1024w, https:\/\/i1.wp.com\/maralboran.eu\/wp-content\/uploads\/2021\/09\/demeter-cuadrado.jpg?resize=150%2C150&amp;ssl=1 150w, https:\/\/i1.wp.com\/maralboran.eu\/wp-content\/uploads\/2021\/09\/demeter-cuadrado.jpg?resize=768%2C768&amp;ssl=1 768w, https:\/\/i1.wp.com\/maralboran.eu\/wp-content\/uploads\/2021\/09\/demeter-cuadrado.jpg?resize=1536%2C1536&amp;ssl=1 1536w, https:\/\/i1.wp.com\/maralboran.eu\/wp-content\/uploads\/2021\/09\/demeter-cuadrado.jpg?resize=600%2C600&amp;ssl=1 600w, https:\/\/i1.wp.com\/maralboran.eu\/wp-content\/uploads\/2021\/09\/demeter-cuadrado.jpg?resize=80%2C80&amp;ssl=1 80w, https:\/\/i1.wp.com\/maralboran.eu\/wp-content\/uploads\/2021\/09\/demeter-cuadrado.jpg?resize=320%2C320&amp;ssl=1 320w, https:\/\/i1.wp.com\/maralboran.eu\/wp-content\/uploads\/2021\/09\/demeter-cuadrado.jpg?w=2048&amp;ssl=1 2048w\" alt=\"\" width=\"163\" height=\"163\" data-recalc-dims=\"1\" \/>\u00a0actualidad, el IES Mar de Albor\u00e1n est\u00e1 inmerso en un nuevo proyecto,\u00a0<strong>DEMETER<\/strong>, cuyo objetivo es mejorar el conocimiento y las habilidades de los estudiantes a trav\u00e9s de una\u00a0 idea o n\u00facleo com\u00fan, en este caso\u00a0<strong>la creaci\u00f3n de un rover que detecte minas antipersona<\/strong>.<\/p>\n<p>La Revista Andaluza Educativa acaba de publicar un\u00a0<a href=\"https:\/\/www.juntadeandalucia.es\/educacion\/portals\/web\/revista-andalucia-educativa\/contenidos\/-\/novedades\/detalle\/8dKQZE7Sn2zC\/aplica-el-aprendizaje-tematico-en-tu-aula\" target=\"_blank\" rel=\"noopener\">art\u00edculo sobre DEMETER.<\/a><\/p>\n","protected":false},"excerpt":{"rendered":"<p>Finalista del\u00a0\u201cPremio a las Mejores Pr\u00e1cticas Educativas en la Uni\u00f3n Europea\u201d. \u00a0 \u00a0 El proyecto ICAROS ha obtenido un nuevo reconocimiento al ser seleccionado como finalista del \u201cPremio a las&#46;&#46;&#46;<\/p>\n","protected":false},"author":1,"featured_media":454,"comment_status":"closed","ping_status":"closed","sticky":false,"template":"","format":"standard","meta":{"_price":"","_stock":"","_tribe_ticket_header":"","_tribe_default_ticket_provider":"","_tribe_ticket_capacity":"","_ticket_start_date":"","_ticket_end_date":"","_tribe_ticket_show_description":"","_tribe_ticket_show_not_going":false,"_tribe_ticket_use_global_stock":"","_tribe_ticket_global_stock_level":"","_global_stock_mode":"","_global_stock_cap":"","_tribe_rsvp_for_event":"","_tribe_ticket_going_count":"","_tribe_ticket_not_going_count":"","_tribe_tickets_list":"[]","_tribe_ticket_has_attendee_info_fields":false,"_kadence_starter_templates_imported_post":false,"footnotes":""},"categories":[16],"tags":[],"class_list":["post-453","post","type-post","status-publish","format-standard","has-post-thumbnail","hentry","category-icaros"],"gutentor_comment":0,"featured_image_src":"https:\/\/maralboran.eu\/europa\/wp-content\/uploads\/sites\/19\/2021\/09\/icaros-colage-600x400.jpg","featured_image_src_square":"https:\/\/maralboran.eu\/europa\/wp-content\/uploads\/sites\/19\/2021\/09\/icaros-colage-600x500.jpg","author_info":{"display_name":"administrador","author_link":"https:\/\/maralboran.eu\/europa\/author\/administrador\/"},"_links":{"self":[{"href":"https:\/\/maralboran.eu\/europa\/wp-json\/wp\/v2\/posts\/453","targetHints":{"allow":["GET"]}}],"collection":[{"href":"https:\/\/maralboran.eu\/europa\/wp-json\/wp\/v2\/posts"}],"about":[{"href":"https:\/\/maralboran.eu\/europa\/wp-json\/wp\/v2\/types\/post"}],"author":[{"embeddable":true,"href":"https:\/\/maralboran.eu\/europa\/wp-json\/wp\/v2\/users\/1"}],"replies":[{"embeddable":true,"href":"https:\/\/maralboran.eu\/europa\/wp-json\/wp\/v2\/comments?post=453"}],"version-history":[{"count":0,"href":"https:\/\/maralboran.eu\/europa\/wp-json\/wp\/v2\/posts\/453\/revisions"}],"wp:featuredmedia":[{"embeddable":true,"href":"https:\/\/maralboran.eu\/europa\/wp-json\/wp\/v2\/media\/454"}],"wp:attachment":[{"href":"https:\/\/maralboran.eu\/europa\/wp-json\/wp\/v2\/media?parent=453"}],"wp:term":[{"taxonomy":"category","embeddable":true,"href":"https:\/\/maralboran.eu\/europa\/wp-json\/wp\/v2\/categories?post=453"},{"taxonomy":"post_tag","embeddable":true,"href":"https:\/\/maralboran.eu\/europa\/wp-json\/wp\/v2\/tags?post=453"}],"curies":[{"name":"wp","href":"https:\/\/api.w.org\/{rel}","templated":true}]}}