{"id":429,"date":"2020-12-20T08:53:55","date_gmt":"2020-12-20T08:53:55","guid":{"rendered":"http:\/\/maralboran.eu\/europa\/?p=429"},"modified":"2021-10-31T19:41:07","modified_gmt":"2021-10-31T19:41:07","slug":"alumnos-representantes-de-la-comision-de-programas-europeos-y-de-movilidad","status":"publish","type":"post","link":"https:\/\/maralboran.eu\/europa\/2020\/12\/20\/alumnos-representantes-de-la-comision-de-programas-europeos-y-de-movilidad\/","title":{"rendered":"Alumnos representantes de la Comisi\u00f3n  de Programas  Europeos  y de Movilidad"},"content":{"rendered":"\n<figure class=\"wp-block-image size-large\"><img loading=\"lazy\" decoding=\"async\" width=\"1000\" height=\"473\" src=\"https:\/\/maralboran.eu\/europa\/wp-content\/uploads\/sites\/19\/2020\/12\/20201209_122631-Copy.jpg\" alt=\"\" class=\"wp-image-430\" srcset=\"https:\/\/maralboran.eu\/europa\/wp-content\/uploads\/sites\/19\/2020\/12\/20201209_122631-Copy.jpg 1000w, https:\/\/maralboran.eu\/europa\/wp-content\/uploads\/sites\/19\/2020\/12\/20201209_122631-Copy-300x142.jpg 300w, https:\/\/maralboran.eu\/europa\/wp-content\/uploads\/sites\/19\/2020\/12\/20201209_122631-Copy-768x363.jpg 768w, https:\/\/maralboran.eu\/europa\/wp-content\/uploads\/sites\/19\/2020\/12\/20201209_122631-Copy-520x245.jpg 520w, https:\/\/maralboran.eu\/europa\/wp-content\/uploads\/sites\/19\/2020\/12\/20201209_122631-Copy-720x340.jpg 720w\" sizes=\"auto, (max-width: 1000px) 100vw, 1000px\" \/><\/figure>\n\n\n\n<blockquote>\n<div dir=\"auto\"><strong>Acto de reconocimiento a los alumnos m\u00e1s votados como nuevos representantes de la Comisi\u00f3n\u00a0 de Programas\u00a0 Europeos\u00a0 y de Movilidad.<\/strong><\/div>\n<\/blockquote>\n<div dir=\"auto\">\u00a0<\/div>\n<div dir=\"auto\">\n<p>La COMISI\u00d3N ERASMUS del I.E.S. Mar de Albor\u00e1n ha considerado importante contar con el alumnado para la gesti\u00f3n del proceso global de nuestros proyectos de movilidad europeos.<\/p>\n<p>Tras el proceso de elecci\u00f3n, se incorporan dos representantes del alumnado dentro de los componentes de esa comisi\u00f3n: uno elegido entre el alumnado de Ciclos Formativos y otra entre el de Bachillerato.<\/p>\n<p>Enhorabuena, Pablo Mesa P\u00e9rez\u00a0\u00a0(1\u00b0GAB) y Paula Sanz Galiano (1\u00b0BCT), y muchas gracias por ofreceros para ser parte activa de nuestro proyecto europeo.<\/p>\n<p><img decoding=\"async\" class=\"CToWUd\" src=\"https:\/\/mail.google.com\/mail\/e\/1f44d\" alt=\"\ud83d\udc4d\" data-goomoji=\"1f44d\" data-image-whitelisted=\"\" \/>\ud83c\uddea\ud83c\uddfa<\/p>\n<\/div>\n","protected":false},"excerpt":{"rendered":"<p>Acto de reconocimiento a los alumnos m\u00e1s votados como nuevos representantes de la Comisi\u00f3n\u00a0 de Programas\u00a0 Europeos\u00a0 y de Movilidad. \u00a0 La COMISI\u00d3N ERASMUS del I.E.S. Mar de Albor\u00e1n ha&#46;&#46;&#46;<\/p>\n","protected":false},"author":1,"featured_media":430,"comment_status":"open","ping_status":"open","sticky":false,"template":"","format":"standard","meta":{"_price":"","_stock":"","_tribe_ticket_header":"","_tribe_default_ticket_provider":"","_tribe_ticket_capacity":"","_ticket_start_date":"","_ticket_end_date":"","_tribe_ticket_show_description":"","_tribe_ticket_show_not_going":false,"_tribe_ticket_use_global_stock":"","_tribe_ticket_global_stock_level":"","_global_stock_mode":"","_global_stock_cap":"","_tribe_rsvp_for_event":"","_tribe_ticket_going_count":"","_tribe_ticket_not_going_count":"","_tribe_tickets_list":"[]","_tribe_ticket_has_attendee_info_fields":false,"_kadence_starter_templates_imported_post":false,"footnotes":""},"categories":[10,9,5],"tags":[],"class_list":["post-429","post","type-post","status-publish","format-standard","has-post-thumbnail","hentry","category-escolar","category-fp","category-movilidad"],"gutentor_comment":0,"featured_image_src":"https:\/\/maralboran.eu\/europa\/wp-content\/uploads\/sites\/19\/2020\/12\/20201209_122631-Copy.jpg","featured_image_src_square":"https:\/\/maralboran.eu\/europa\/wp-content\/uploads\/sites\/19\/2020\/12\/20201209_122631-Copy.jpg","author_info":{"display_name":"administrador","author_link":"https:\/\/maralboran.eu\/europa\/author\/administrador\/"},"_links":{"self":[{"href":"https:\/\/maralboran.eu\/europa\/wp-json\/wp\/v2\/posts\/429","targetHints":{"allow":["GET"]}}],"collection":[{"href":"https:\/\/maralboran.eu\/europa\/wp-json\/wp\/v2\/posts"}],"about":[{"href":"https:\/\/maralboran.eu\/europa\/wp-json\/wp\/v2\/types\/post"}],"author":[{"embeddable":true,"href":"https:\/\/maralboran.eu\/europa\/wp-json\/wp\/v2\/users\/1"}],"replies":[{"embeddable":true,"href":"https:\/\/maralboran.eu\/europa\/wp-json\/wp\/v2\/comments?post=429"}],"version-history":[{"count":1,"href":"https:\/\/maralboran.eu\/europa\/wp-json\/wp\/v2\/posts\/429\/revisions"}],"predecessor-version":[{"id":432,"href":"https:\/\/maralboran.eu\/europa\/wp-json\/wp\/v2\/posts\/429\/revisions\/432"}],"wp:featuredmedia":[{"embeddable":true,"href":"https:\/\/maralboran.eu\/europa\/wp-json\/wp\/v2\/media\/430"}],"wp:attachment":[{"href":"https:\/\/maralboran.eu\/europa\/wp-json\/wp\/v2\/media?parent=429"}],"wp:term":[{"taxonomy":"category","embeddable":true,"href":"https:\/\/maralboran.eu\/europa\/wp-json\/wp\/v2\/categories?post=429"},{"taxonomy":"post_tag","embeddable":true,"href":"https:\/\/maralboran.eu\/europa\/wp-json\/wp\/v2\/tags?post=429"}],"curies":[{"name":"wp","href":"https:\/\/api.w.org\/{rel}","templated":true}]}}