{"id":422,"date":"2020-12-14T10:40:13","date_gmt":"2020-12-14T10:40:13","guid":{"rendered":"http:\/\/maralboran.eu\/europa\/?p=422"},"modified":"2021-11-12T09:26:53","modified_gmt":"2021-11-12T09:26:53","slug":"concurso-logo-emotions-mapping-ka-229","status":"publish","type":"post","link":"https:\/\/maralboran.eu\/europa\/2020\/12\/14\/concurso-logo-emotions-mapping-ka-229\/","title":{"rendered":"Concurso Logo: eMotions mapping (KA-229)"},"content":{"rendered":"\n<figure id=\"block-472932ab-9f0b-40e8-a4b0-6b19f55fd6c6\" class=\"wp-block-image block-editor-block-list__block wp-block size-large wp-block\" tabindex=\"0\" role=\"group\" aria-label=\"Bloque: Imagen\" data-block=\"472932ab-9f0b-40e8-a4b0-6b19f55fd6c6\" data-type=\"core\/image\" data-title=\"Imagen\">\n<div class=\"components-resizable-box__container\"><img decoding=\"async\" src=\"https:\/\/maralboran.eu\/wp-content\/uploads\/2020\/12\/flayer-para-web-1024x576.png\" alt=\"La imagen tiene un atributo ALT vac\u00edo; su nombre de archivo es flayer-para-web-1024x576.png\" \/><\/div>\n<div class=\"components-drop-zone\">\u00a0<\/div>\n<\/figure>\n<div id=\"block-deba4553-08ab-4a42-b21a-87b634cd18e8\" class=\"block-editor-block-list__block wp-block wp-block\" tabindex=\"0\" role=\"group\" aria-label=\"Bloque: P\u00e1rrafo cl\u00e1sico\" data-block=\"deba4553-08ab-4a42-b21a-87b634cd18e8\" data-type=\"tadv\/classic-paragraph\" data-title=\"P\u00e1rrafo cl\u00e1sico\">\n<div id=\"editor-deba4553-08ab-4a42-b21a-87b634cd18e8\" class=\"wp-block-freeform block-library-rich-text__tinymce tma-classic-paragraph mce-content-body html5-captions\" contenteditable=\"true\">\n<p>El IES Mar de Albor\u00e1n comienza un nuevo Programa Erasmus+ junto a nuestros nuevos socios de Ruman\u00eda, Italia, Portugal, Turqu\u00eda y Lituania. En este proyecto participar\u00e1 alumnado de Secundaria y de Bachillerato. Iniciamos la actividad con un concurso abierto a todo el alumnado de nuestro instituto, en el que queremos encontrar un logotipo que nos represente. As\u00ed que, si tienes una idea original, quieres ganar un <strong>cheque regalo, <\/strong>y que tu creaci\u00f3n sea conocida fuera de Espa\u00f1a, te animamos a que participes.<\/p>\n<ul>\n<li><a href=\"http:\/\/maralboran.eu\/archivos\/noticias2021\/Bases%20concurso%20logo2.pdf\">ENLACE A LAS BASES DEL CONCURSO<\/a><\/li>\n<\/ul>\n<p>A lo largo del Programa el alumnado trabajar\u00e1 sobre una tem\u00e1tica tan actual como es la manipulaci\u00f3n de los medios de comunicaci\u00f3n, la desinformaci\u00f3n o las noticias falsas, que contribuyen a fomentar un lenguaje muy agresivo, as\u00ed como otros comportamientos irresponsables y negativos, tanto online como en la vida real.<\/p>\n<p>Queremos mejorar las capacidades de nuestro alumnado relacionadas con la inteligencia emocional (conciencia de s\u00ed mismo, autorregulaci\u00f3n, empat\u00eda, habilidades sociales, motivaci\u00f3n), y la alfabetizaci\u00f3n medi\u00e1tica para interpretar y usar eficazmente el contenido de los medios de comunicaci\u00f3n, permiti\u00e9ndoles regular de forma consciente sus emociones para evitar la manipulaci\u00f3n, y hacer una toma de decisiones libre e informada.<\/p>\n<\/div>\n<\/div>\n<div class=\"wp-block\" data-align=\"center\">\n<figure id=\"block-1357f1f7-d273-49b3-8c2b-083aeefcc462\" class=\"wp-block-image block-editor-block-list__block size-large is-hovered\" tabindex=\"0\" role=\"group\" aria-label=\"Bloque: Imagen\" data-block=\"1357f1f7-d273-49b3-8c2b-083aeefcc462\" data-type=\"core\/image\" data-title=\"Imagen\">\n<div class=\"components-resizable-box__container\"><img decoding=\"async\" src=\"https:\/\/maralboran.eu\/wp-content\/uploads\/2020\/12\/unnamed.png\" alt=\"La imagen tiene un atributo ALT vac\u00edo; su nombre de archivo es unnamed.png\" \/><\/div>\n<\/figure>\n<\/div>\n","protected":false},"excerpt":{"rendered":"<p>\u00a0 El IES Mar de Albor\u00e1n comienza un nuevo Programa Erasmus+ junto a nuestros nuevos socios de Ruman\u00eda, Italia, Portugal, Turqu\u00eda y Lituania. En este proyecto participar\u00e1 alumnado de Secundaria&#46;&#46;&#46;<\/p>\n","protected":false},"author":1,"featured_media":423,"comment_status":"open","ping_status":"open","sticky":false,"template":"","format":"standard","meta":{"_price":"","_stock":"","_tribe_ticket_header":"","_tribe_default_ticket_provider":"","_tribe_ticket_capacity":"","_ticket_start_date":"","_ticket_end_date":"","_tribe_ticket_show_description":"","_tribe_ticket_show_not_going":false,"_tribe_ticket_use_global_stock":"","_tribe_ticket_global_stock_level":"","_global_stock_mode":"","_global_stock_cap":"","_tribe_rsvp_for_event":"","_tribe_ticket_going_count":"","_tribe_ticket_not_going_count":"","_tribe_tickets_list":"[]","_tribe_ticket_has_attendee_info_fields":false,"_kadence_starter_templates_imported_post":false,"footnotes":""},"categories":[14,10],"tags":[],"class_list":["post-422","post","type-post","status-publish","format-standard","has-post-thumbnail","hentry","category-emapping","category-escolar"],"gutentor_comment":0,"featured_image_src":"https:\/\/maralboran.eu\/europa\/wp-content\/uploads\/sites\/19\/2020\/12\/flayer-para-web.png","featured_image_src_square":"https:\/\/maralboran.eu\/europa\/wp-content\/uploads\/sites\/19\/2020\/12\/flayer-para-web.png","author_info":{"display_name":"administrador","author_link":"https:\/\/maralboran.eu\/europa\/author\/administrador\/"},"_links":{"self":[{"href":"https:\/\/maralboran.eu\/europa\/wp-json\/wp\/v2\/posts\/422","targetHints":{"allow":["GET"]}}],"collection":[{"href":"https:\/\/maralboran.eu\/europa\/wp-json\/wp\/v2\/posts"}],"about":[{"href":"https:\/\/maralboran.eu\/europa\/wp-json\/wp\/v2\/types\/post"}],"author":[{"embeddable":true,"href":"https:\/\/maralboran.eu\/europa\/wp-json\/wp\/v2\/users\/1"}],"replies":[{"embeddable":true,"href":"https:\/\/maralboran.eu\/europa\/wp-json\/wp\/v2\/comments?post=422"}],"version-history":[{"count":0,"href":"https:\/\/maralboran.eu\/europa\/wp-json\/wp\/v2\/posts\/422\/revisions"}],"wp:featuredmedia":[{"embeddable":true,"href":"https:\/\/maralboran.eu\/europa\/wp-json\/wp\/v2\/media\/423"}],"wp:attachment":[{"href":"https:\/\/maralboran.eu\/europa\/wp-json\/wp\/v2\/media?parent=422"}],"wp:term":[{"taxonomy":"category","embeddable":true,"href":"https:\/\/maralboran.eu\/europa\/wp-json\/wp\/v2\/categories?post=422"},{"taxonomy":"post_tag","embeddable":true,"href":"https:\/\/maralboran.eu\/europa\/wp-json\/wp\/v2\/tags?post=422"}],"curies":[{"name":"wp","href":"https:\/\/api.w.org\/{rel}","templated":true}]}}