{"id":374,"date":"2020-05-18T11:10:44","date_gmt":"2020-05-18T11:10:44","guid":{"rendered":"http:\/\/maralboran.eu\/europa\/?p=374"},"modified":"2020-05-18T11:33:26","modified_gmt":"2020-05-18T11:33:26","slug":"proyecto-video-schumann-day","status":"publish","type":"post","link":"https:\/\/maralboran.eu\/europa\/2020\/05\/18\/proyecto-video-schumann-day\/","title":{"rendered":"Proyecto Video Schumann Day"},"content":{"rendered":"\n<p>Compartimos el v\u00eddeo que hemos elaborado de forma colaborativa entre 77 centros educativos de todo el territorio espa\u00f1ol para conmemorar el d\u00eda de Europa, que se celebra el 9 de mayo, ante la imposibilidad de celebrarlo en los centros, como suele ser habitual.<\/p>\n<ul>\n<li style=\"text-align: left;\"><a href=\"http:\/\/maralboran.eu\/archivos\/noticias1920\/Schumannn%20EU.pdf\">Presentaci\u00f3n PDF&nbsp;<\/a><\/li>\n<\/ul>\n\n\n\n<figure class=\"wp-block-embed-youtube wp-block-embed is-type-video is-provider-youtube wp-embed-aspect-16-9 wp-has-aspect-ratio\"><div class=\"wp-block-embed__wrapper\">\n<div class=\"video-container\"><iframe loading=\"lazy\" title=\"Schumann Day\" width=\"500\" height=\"281\" src=\"https:\/\/www.youtube.com\/embed\/1zEiGKVtpTo?feature=oembed&#038;wmode=opaque\" frameborder=\"0\" allow=\"accelerometer; autoplay; clipboard-write; encrypted-media; gyroscope; picture-in-picture; web-share\" referrerpolicy=\"strict-origin-when-cross-origin\" allowfullscreen><\/iframe><\/div>\n<\/div><\/figure>\n\n\n\n<hr \/>\n<blockquote>\n<p>La contribuci\u00f3n del IES Mar de Albor\u00e1n\u00a0<\/p>\n<\/blockquote>\n\n\n\n<figure class=\"wp-block-image size-large\"><img loading=\"lazy\" decoding=\"async\" width=\"1000\" height=\"500\" src=\"https:\/\/maralboran.eu\/europa\/wp-content\/uploads\/sites\/19\/2020\/05\/SCHUMANN-UE.png\" alt=\"\" class=\"wp-image-376\" srcset=\"https:\/\/maralboran.eu\/europa\/wp-content\/uploads\/sites\/19\/2020\/05\/SCHUMANN-UE.png 1000w, https:\/\/maralboran.eu\/europa\/wp-content\/uploads\/sites\/19\/2020\/05\/SCHUMANN-UE-300x150.png 300w, https:\/\/maralboran.eu\/europa\/wp-content\/uploads\/sites\/19\/2020\/05\/SCHUMANN-UE-768x384.png 768w\" sizes=\"auto, (max-width: 1000px) 100vw, 1000px\" \/><\/figure>\n","protected":false},"excerpt":{"rendered":"<p>Compartimos el v\u00eddeo que hemos elaborado de forma colaborativa entre 77 centros educativos de todo el territorio espa\u00f1ol para conmemorar el d\u00eda de Europa, que se celebra el 9 de&#46;&#46;&#46;<\/p>\n","protected":false},"author":1,"featured_media":376,"comment_status":"open","ping_status":"open","sticky":false,"template":"","format":"standard","meta":{"_price":"","_stock":"","_tribe_ticket_header":"","_tribe_default_ticket_provider":"","_tribe_ticket_capacity":"","_ticket_start_date":"","_ticket_end_date":"","_tribe_ticket_show_description":"","_tribe_ticket_show_not_going":false,"_tribe_ticket_use_global_stock":"","_tribe_ticket_global_stock_level":"","_global_stock_mode":"","_global_stock_cap":"","_tribe_rsvp_for_event":"","_tribe_ticket_going_count":"","_tribe_ticket_not_going_count":"","_tribe_tickets_list":"[]","_tribe_ticket_has_attendee_info_fields":false,"_kadence_starter_templates_imported_post":false,"footnotes":""},"categories":[1],"tags":[],"class_list":["post-374","post","type-post","status-publish","format-standard","has-post-thumbnail","hentry","category-sin-categoria"],"gutentor_comment":0,"featured_image_src":"https:\/\/maralboran.eu\/europa\/wp-content\/uploads\/sites\/19\/2020\/05\/SCHUMANN-UE.png","featured_image_src_square":"https:\/\/maralboran.eu\/europa\/wp-content\/uploads\/sites\/19\/2020\/05\/SCHUMANN-UE.png","author_info":{"display_name":"administrador","author_link":"https:\/\/maralboran.eu\/europa\/author\/administrador\/"},"_links":{"self":[{"href":"https:\/\/maralboran.eu\/europa\/wp-json\/wp\/v2\/posts\/374","targetHints":{"allow":["GET"]}}],"collection":[{"href":"https:\/\/maralboran.eu\/europa\/wp-json\/wp\/v2\/posts"}],"about":[{"href":"https:\/\/maralboran.eu\/europa\/wp-json\/wp\/v2\/types\/post"}],"author":[{"embeddable":true,"href":"https:\/\/maralboran.eu\/europa\/wp-json\/wp\/v2\/users\/1"}],"replies":[{"embeddable":true,"href":"https:\/\/maralboran.eu\/europa\/wp-json\/wp\/v2\/comments?post=374"}],"version-history":[{"count":0,"href":"https:\/\/maralboran.eu\/europa\/wp-json\/wp\/v2\/posts\/374\/revisions"}],"wp:featuredmedia":[{"embeddable":true,"href":"https:\/\/maralboran.eu\/europa\/wp-json\/wp\/v2\/media\/376"}],"wp:attachment":[{"href":"https:\/\/maralboran.eu\/europa\/wp-json\/wp\/v2\/media?parent=374"}],"wp:term":[{"taxonomy":"category","embeddable":true,"href":"https:\/\/maralboran.eu\/europa\/wp-json\/wp\/v2\/categories?post=374"},{"taxonomy":"post_tag","embeddable":true,"href":"https:\/\/maralboran.eu\/europa\/wp-json\/wp\/v2\/tags?post=374"}],"curies":[{"name":"wp","href":"https:\/\/api.w.org\/{rel}","templated":true}]}}