{"id":1375,"date":"2025-12-21T13:48:00","date_gmt":"2025-12-21T13:48:00","guid":{"rendered":"https:\/\/maralboran.eu\/europa\/?p=1375"},"modified":"2026-02-10T13:50:56","modified_gmt":"2026-02-10T13:50:56","slug":"visita-preparatoria-a-los-centros-ekonomska-sola-y-ker-solski-center-celje-eslovenia","status":"publish","type":"post","link":"https:\/\/maralboran.eu\/europa\/2025\/12\/21\/visita-preparatoria-a-los-centros-ekonomska-sola-y-ker-solski-center-celje-eslovenia\/","title":{"rendered":"Visita preparatoria a los centros Ekonom\u0161ka \u0160ola y KER \u0160olski Center (Celje, Eslovenia)"},"content":{"rendered":"\n<div id=\"section-g-886x28p\" class=\"wp-block-gutentor-e6 section-g-886x28p gutentor-element gutentor-element-image\">\n<div class=\"gutentor-element-image-box\">\n<div class=\"gutentor-image-thumb\"><img decoding=\"async\" class=\"normal-image\" src=\"https:\/\/maralboran.eu\/wp-content\/uploads\/2026\/02\/ANCHO-1050x500-3.png\" \/><\/div>\n<\/div>\n<\/div>\n<hr \/>\n<p>Como parte del programa Erasmus+, los pasado 17, 18 y 19 de diciembre las coordinadoras Erasmus+ de nuestro centro, Mari Carmen Franc\u00e9s Monta\u00f1\u00e9s y Teodora Gonz\u00e1lez Utrera, realizaron una visita preparatoria a nuestros nuevos socios\u00a0<a href=\"https:\/\/www.instagram.com\/ekonomska_sola_celje\/\" target=\"_blank\" rel=\"noopener\">@ekonomska_sola_celje<\/a>\u00a0y\u00a0<a href=\"https:\/\/www.instagram.com\/ker.sccelje\/\" target=\"_blank\" rel=\"noopener\">@ker.sccelje<\/a>\u00a0en Celje, Eslovenia.<\/p>\n<p>Estas visitas nos permitieron conocernos m\u00e1s a fondo, compartir momentos \u00fanicos y concretar la organizaci\u00f3n de futuras movilidades.<\/p>\n<p>Asimismo, durante estos d\u00edas pudieron visitar \ud835\udde7\ud835\uddf2\ud835\uddf5\ud835\uddfb\ud835\uddfc\ud835\uddfd\ud835\uddee\ud835\uddff\ud835\uddf8 (<a href=\"https:\/\/www.instagram.com\/tehnoparkcelje\/\" target=\"_blank\" rel=\"noopener\">@tehnoparkcelje<\/a>) y acompa\u00f1ar a Adri\u00e1n Jim\u00e9nez, alumno del Ciclo Formativo de Instalaciones de Telecomunicaciones, que termina su experiencia Erasmus+.<\/p>\n<p>\u00a1Seguimos sumando experiencias internacionales y creando conexiones que abren puertas!\u00a0<img decoding=\"async\" class=\"emoji\" role=\"img\" draggable=\"false\" src=\"https:\/\/s.w.org\/images\/core\/emoji\/17.0.2\/svg\/2728.svg\" alt=\"\u2728\" \/><img decoding=\"async\" class=\"emoji\" role=\"img\" draggable=\"false\" src=\"https:\/\/s.w.org\/images\/core\/emoji\/17.0.2\/svg\/1f310.svg\" alt=\"\ud83c\udf10\" \/><\/p>\n<figure class=\"wp-block-gallery has-nested-images columns-default is-cropped wp-block-gallery-1 is-layout-flex wp-block-gallery-is-layout-flex\">\n<figure class=\"wp-block-image size-large\"><img loading=\"lazy\" decoding=\"async\" class=\"wp-image-14795\" src=\"https:\/\/maralboran.eu\/wp-content\/uploads\/2026\/02\/20251217_110139-1-1024x768.jpg\" sizes=\"auto, (max-width: 1024px) 100vw, 1024px\" srcset=\"https:\/\/maralboran.eu\/wp-content\/uploads\/2026\/02\/20251217_110139-1-1024x768.jpg 1024w, https:\/\/maralboran.eu\/wp-content\/uploads\/2026\/02\/20251217_110139-1-300x225.jpg 300w, https:\/\/maralboran.eu\/wp-content\/uploads\/2026\/02\/20251217_110139-1-768x576.jpg 768w, https:\/\/maralboran.eu\/wp-content\/uploads\/2026\/02\/20251217_110139-1-1536x1152.jpg 1536w, https:\/\/maralboran.eu\/wp-content\/uploads\/2026\/02\/20251217_110139-1-2048x1536.jpg 2048w\" alt=\"\" width=\"1024\" height=\"768\" data-id=\"14795\" \/><\/figure>\n<figure class=\"wp-block-image size-large\"><img loading=\"lazy\" decoding=\"async\" class=\"wp-image-14794\" src=\"https:\/\/maralboran.eu\/wp-content\/uploads\/2026\/02\/20251217_112716-1.jpg\" sizes=\"auto, (max-width: 900px) 100vw, 900px\" srcset=\"https:\/\/maralboran.eu\/wp-content\/uploads\/2026\/02\/20251217_112716-1.jpg 900w, https:\/\/maralboran.eu\/wp-content\/uploads\/2026\/02\/20251217_112716-1-300x280.jpg 300w, https:\/\/maralboran.eu\/wp-content\/uploads\/2026\/02\/20251217_112716-1-768x718.jpg 768w\" alt=\"\" width=\"900\" height=\"841\" data-id=\"14794\" \/><\/figure>\n<\/figure>\n<figure class=\"wp-block-gallery has-nested-images columns-default is-cropped wp-block-gallery-2 is-layout-flex wp-block-gallery-is-layout-flex\">\n<figure class=\"wp-block-image size-large\"><img loading=\"lazy\" decoding=\"async\" class=\"wp-image-14806\" src=\"https:\/\/maralboran.eu\/wp-content\/uploads\/2026\/02\/93.png\" sizes=\"auto, (max-width: 480px) 100vw, 480px\" srcset=\"https:\/\/maralboran.eu\/wp-content\/uploads\/2026\/02\/93.png 480w, https:\/\/maralboran.eu\/wp-content\/uploads\/2026\/02\/93-240x300.png 240w\" alt=\"\" width=\"480\" height=\"600\" data-id=\"14806\" \/><\/figure>\n<figure class=\"wp-block-image size-large\"><img loading=\"lazy\" decoding=\"async\" class=\"wp-image-14809\" src=\"https:\/\/maralboran.eu\/wp-content\/uploads\/2026\/02\/87.png\" sizes=\"auto, (max-width: 480px) 100vw, 480px\" srcset=\"https:\/\/maralboran.eu\/wp-content\/uploads\/2026\/02\/87.png 480w, https:\/\/maralboran.eu\/wp-content\/uploads\/2026\/02\/87-240x300.png 240w\" alt=\"\" width=\"480\" height=\"600\" data-id=\"14809\" \/><\/figure>\n<figure class=\"wp-block-image size-large\"><img loading=\"lazy\" decoding=\"async\" class=\"wp-image-14807\" src=\"https:\/\/maralboran.eu\/wp-content\/uploads\/2026\/02\/88.png\" sizes=\"auto, (max-width: 480px) 100vw, 480px\" srcset=\"https:\/\/maralboran.eu\/wp-content\/uploads\/2026\/02\/88.png 480w, https:\/\/maralboran.eu\/wp-content\/uploads\/2026\/02\/88-240x300.png 240w\" alt=\"\" width=\"480\" height=\"600\" data-id=\"14807\" \/><\/figure>\n<figure class=\"wp-block-image size-large\"><img loading=\"lazy\" decoding=\"async\" class=\"wp-image-14808\" src=\"https:\/\/maralboran.eu\/wp-content\/uploads\/2026\/02\/91.png\" sizes=\"auto, (max-width: 480px) 100vw, 480px\" srcset=\"https:\/\/maralboran.eu\/wp-content\/uploads\/2026\/02\/91.png 480w, https:\/\/maralboran.eu\/wp-content\/uploads\/2026\/02\/91-240x300.png 240w\" alt=\"\" width=\"480\" height=\"600\" data-id=\"14808\" \/><\/figure>\n<\/figure>\n","protected":false},"excerpt":{"rendered":"<p>Como parte del programa Erasmus+, los pasado 17, 18 y 19 de diciembre las coordinadoras Erasmus+ de nuestro centro, Mari Carmen Franc\u00e9s Monta\u00f1\u00e9s y Teodora Gonz\u00e1lez Utrera, realizaron una visita&#46;&#46;&#46;<\/p>\n","protected":false},"author":1,"featured_media":1376,"comment_status":"closed","ping_status":"closed","sticky":false,"template":"","format":"standard","meta":{"_price":"","_stock":"","_tribe_ticket_header":"","_tribe_default_ticket_provider":"","_tribe_ticket_capacity":"","_ticket_start_date":"","_ticket_end_date":"","_tribe_ticket_show_description":"","_tribe_ticket_show_not_going":false,"_tribe_ticket_use_global_stock":"","_tribe_ticket_global_stock_level":"","_global_stock_mode":"","_global_stock_cap":"","_tribe_rsvp_for_event":"","_tribe_ticket_going_count":"","_tribe_ticket_not_going_count":"","_tribe_tickets_list":"[]","_tribe_ticket_has_attendee_info_fields":false,"_kadence_starter_templates_imported_post":false,"footnotes":""},"categories":[1],"tags":[],"class_list":["post-1375","post","type-post","status-publish","format-standard","has-post-thumbnail","hentry","category-sin-categoria"],"gutentor_comment":0,"featured_image_src":"https:\/\/maralboran.eu\/europa\/wp-content\/uploads\/sites\/19\/2026\/02\/ANCHO-1050x500-3-600x400.png","featured_image_src_square":"https:\/\/maralboran.eu\/europa\/wp-content\/uploads\/sites\/19\/2026\/02\/ANCHO-1050x500-3-600x500.png","author_info":{"display_name":"administrador","author_link":"https:\/\/maralboran.eu\/europa\/author\/administrador\/"},"_links":{"self":[{"href":"https:\/\/maralboran.eu\/europa\/wp-json\/wp\/v2\/posts\/1375","targetHints":{"allow":["GET"]}}],"collection":[{"href":"https:\/\/maralboran.eu\/europa\/wp-json\/wp\/v2\/posts"}],"about":[{"href":"https:\/\/maralboran.eu\/europa\/wp-json\/wp\/v2\/types\/post"}],"author":[{"embeddable":true,"href":"https:\/\/maralboran.eu\/europa\/wp-json\/wp\/v2\/users\/1"}],"replies":[{"embeddable":true,"href":"https:\/\/maralboran.eu\/europa\/wp-json\/wp\/v2\/comments?post=1375"}],"version-history":[{"count":0,"href":"https:\/\/maralboran.eu\/europa\/wp-json\/wp\/v2\/posts\/1375\/revisions"}],"wp:featuredmedia":[{"embeddable":true,"href":"https:\/\/maralboran.eu\/europa\/wp-json\/wp\/v2\/media\/1376"}],"wp:attachment":[{"href":"https:\/\/maralboran.eu\/europa\/wp-json\/wp\/v2\/media?parent=1375"}],"wp:term":[{"taxonomy":"category","embeddable":true,"href":"https:\/\/maralboran.eu\/europa\/wp-json\/wp\/v2\/categories?post=1375"},{"taxonomy":"post_tag","embeddable":true,"href":"https:\/\/maralboran.eu\/europa\/wp-json\/wp\/v2\/tags?post=1375"}],"curies":[{"name":"wp","href":"https:\/\/api.w.org\/{rel}","templated":true}]}}