{"id":1354,"date":"2025-12-20T13:37:00","date_gmt":"2025-12-20T13:37:00","guid":{"rendered":"https:\/\/maralboran.eu\/europa\/?p=1354"},"modified":"2026-02-10T13:39:08","modified_gmt":"2026-02-10T13:39:08","slug":"practicas-en-empresas-con-erasmus-fp","status":"publish","type":"post","link":"https:\/\/maralboran.eu\/europa\/2025\/12\/20\/practicas-en-empresas-con-erasmus-fp\/","title":{"rendered":"Pr\u00e1cticas en empresas con Erasmus+ FP"},"content":{"rendered":"\n<div id=\"section-g-elxueu0\" class=\"wp-block-gutentor-e6 section-g-elxueu0 gutentor-element gutentor-element-image\">\n<div class=\"gutentor-element-image-box\">\n<div class=\"gutentor-image-thumb\"><img decoding=\"async\" class=\"normal-image\" src=\"https:\/\/maralboran.eu\/wp-content\/uploads\/2025\/12\/ANCHO-1050x500-2-1.png\" \/><\/div>\n<\/div>\n<\/div>\n<hr \/>\n<blockquote>\n<p>Durante los meses de noviembre y diciembre nuestro alumno\u00a0\ud835\uddd4\ud835\uddf1\ud835\uddff\ud835\uddf6\u00e1\ud835\uddfb \ud835\udddd\ud835\uddf6\ud835\uddfa\u00e9\ud835\uddfb\ud835\uddf2\ud835\ude07 \ud835\udde2\ud835\uddff\ud835\ude01\ud835\uddf6\ud835\ude07, del CFGM de Instalaciones de Telecomunicaciones, ha realizado sus\u00a0 sus pr\u00e1cticas en\u00a0\ud835\udde7\ud835\uddf2\ud835\uddf5\ud835\uddfb\ud835\uddfc\ud835\uddfd\ud835\uddee\ud835\uddff\ud835\uddf8, Celje (Eslovenia).<\/p>\n<\/blockquote>\n<p>El\u00a0<i>Tehnopark Celje<\/i>\u00a0se ha consolidado como uno de los espacios m\u00e1s din\u00e1micos y atractivos de la regi\u00f3n, ofreciendo a visitantes de todas las edades una experiencia \u00fanica donde\u00a0<b>ciencia y entretenimiento se combinan para aprender jugando<\/b>.\u00a0Ubicado en el coraz\u00f3n de Celje, este parque cient\u00edfico y tecnol\u00f3gico se extiende por m\u00e1s de 4 000 m\u00b2 y est\u00e1 dise\u00f1ado para quienes desean\u00a0<b>explorar fen\u00f3menos del mundo natural, la tecnolog\u00eda y la innovaci\u00f3n de forma interactiva<\/b>. Con m\u00e1s de 50 estaciones y exposiciones, los visitantes pueden experimentar por s\u00ed mismos conceptos de f\u00edsica, astronom\u00eda, matem\u00e1ticas, biolog\u00eda y ecolog\u00eda a trav\u00e9s de actividades pr\u00e1cticas que despiertan la curiosidad y la creatividad.\u00a0Una de las grandes ventajas del Tehnopark es su enfoque participativo: desde\u00a0<b>programar robots o aprender sobre energ\u00eda y sostenibilidad, hasta probar simuladores de realidad virtual o descubrir ilusiones \u00f3pticas<\/b>. Las exposiciones no son solo para observar, sino para tocar, experimentar y comprender mejor c\u00f3mo funcionan las cosas a nuestro alrededor.<\/p>\n<p>El Tehnopark no solo promueve el aprendizaje cient\u00edfico, sino que tambi\u00e9n act\u00faa como un\u00a0<b>centro de conexi\u00f3n entre educaci\u00f3n, comunidad y tecnolog\u00eda<\/b>, posicion\u00e1ndose como un destino clave en la oferta cultural y tur\u00edstica de Celje.<a href=\"https:\/\/epale.ec.europa.eu\/en\/organisations\/tehno-park-celje?utm_source=chatgpt.com\" target=\"_blank\" rel=\"noopener\">\u00a0<\/a><\/p>\n<p>Durante su estancia, Adri\u00e1n ha tenido la oportunidad de mejorar sus habilidades, sumergirse en una nueva cultura y crecer personal y profesionalmente.<\/p>\n<p>Una experiencia \u00fanica que seguro que ha transformado a nuestro alumno.<\/p>\n","protected":false},"excerpt":{"rendered":"<p>Durante los meses de noviembre y diciembre nuestro alumno\u00a0\ud835\uddd4\ud835\uddf1\ud835\uddff\ud835\uddf6\u00e1\ud835\uddfb \ud835\udddd\ud835\uddf6\ud835\uddfa\u00e9\ud835\uddfb\ud835\uddf2\ud835\ude07 \ud835\udde2\ud835\uddff\ud835\ude01\ud835\uddf6\ud835\ude07, del CFGM de Instalaciones de Telecomunicaciones, ha realizado sus\u00a0 sus pr\u00e1cticas en\u00a0\ud835\udde7\ud835\uddf2\ud835\uddf5\ud835\uddfb\ud835\uddfc\ud835\uddfd\ud835\uddee\ud835\uddff\ud835\uddf8, Celje (Eslovenia). El\u00a0Tehnopark Celje\u00a0se ha consolidado como&#46;&#46;&#46;<\/p>\n","protected":false},"author":1,"featured_media":1355,"comment_status":"closed","ping_status":"closed","sticky":false,"template":"","format":"standard","meta":{"_price":"","_stock":"","_tribe_ticket_header":"","_tribe_default_ticket_provider":"","_tribe_ticket_capacity":"","_ticket_start_date":"","_ticket_end_date":"","_tribe_ticket_show_description":"","_tribe_ticket_show_not_going":false,"_tribe_ticket_use_global_stock":"","_tribe_ticket_global_stock_level":"","_global_stock_mode":"","_global_stock_cap":"","_tribe_rsvp_for_event":"","_tribe_ticket_going_count":"","_tribe_ticket_not_going_count":"","_tribe_tickets_list":"[]","_tribe_ticket_has_attendee_info_fields":false,"_kadence_starter_templates_imported_post":false,"footnotes":""},"categories":[9,5],"tags":[],"class_list":["post-1354","post","type-post","status-publish","format-standard","has-post-thumbnail","hentry","category-fp","category-movilidad"],"gutentor_comment":0,"featured_image_src":"https:\/\/maralboran.eu\/europa\/wp-content\/uploads\/sites\/19\/2026\/02\/ANCHO-1050x500-2-1-600x400.png","featured_image_src_square":"https:\/\/maralboran.eu\/europa\/wp-content\/uploads\/sites\/19\/2026\/02\/ANCHO-1050x500-2-1-600x500.png","author_info":{"display_name":"administrador","author_link":"https:\/\/maralboran.eu\/europa\/author\/administrador\/"},"_links":{"self":[{"href":"https:\/\/maralboran.eu\/europa\/wp-json\/wp\/v2\/posts\/1354","targetHints":{"allow":["GET"]}}],"collection":[{"href":"https:\/\/maralboran.eu\/europa\/wp-json\/wp\/v2\/posts"}],"about":[{"href":"https:\/\/maralboran.eu\/europa\/wp-json\/wp\/v2\/types\/post"}],"author":[{"embeddable":true,"href":"https:\/\/maralboran.eu\/europa\/wp-json\/wp\/v2\/users\/1"}],"replies":[{"embeddable":true,"href":"https:\/\/maralboran.eu\/europa\/wp-json\/wp\/v2\/comments?post=1354"}],"version-history":[{"count":0,"href":"https:\/\/maralboran.eu\/europa\/wp-json\/wp\/v2\/posts\/1354\/revisions"}],"wp:featuredmedia":[{"embeddable":true,"href":"https:\/\/maralboran.eu\/europa\/wp-json\/wp\/v2\/media\/1355"}],"wp:attachment":[{"href":"https:\/\/maralboran.eu\/europa\/wp-json\/wp\/v2\/media?parent=1354"}],"wp:term":[{"taxonomy":"category","embeddable":true,"href":"https:\/\/maralboran.eu\/europa\/wp-json\/wp\/v2\/categories?post=1354"},{"taxonomy":"post_tag","embeddable":true,"href":"https:\/\/maralboran.eu\/europa\/wp-json\/wp\/v2\/tags?post=1354"}],"curies":[{"name":"wp","href":"https:\/\/api.w.org\/{rel}","templated":true}]}}