{"id":1340,"date":"2025-10-31T13:27:00","date_gmt":"2025-10-31T13:27:00","guid":{"rendered":"https:\/\/maralboran.eu\/europa\/?p=1340"},"modified":"2026-02-10T13:29:18","modified_gmt":"2026-02-10T13:29:18","slug":"abierto-el-plazo-de-recepcion-de-solicitudes-para-las-becas-erasmus-fp","status":"publish","type":"post","link":"https:\/\/maralboran.eu\/europa\/2025\/10\/31\/abierto-el-plazo-de-recepcion-de-solicitudes-para-las-becas-erasmus-fp\/","title":{"rendered":"Abierto el plazo de recepci\u00f3n de solicitudes para las becas Erasmus+ FP"},"content":{"rendered":"\n<div id=\"section-g-4rlrmd4\" class=\"wp-block-gutentor-e6 section-g-4rlrmd4 gutentor-element gutentor-element-image\">\n<div class=\"gutentor-element-image-box\">\n<div class=\"gutentor-image-thumb\"><img decoding=\"async\" class=\"normal-image\" src=\"https:\/\/maralboran.eu\/wp-content\/uploads\/2025\/10\/dia-escritoras-1-1.png\" \/><\/div>\n<\/div>\n<\/div>\n<hr \/>\n<p>Si eres alumna\/o de ciclos formativos del IES Mar de Albor\u00e1n y est\u00e1s interesada\/o en participar en alguna de las movilidades Erasmus de FP para el curso 2025\/2026, puedes enviar tu solicitud del\u00a0<b>16 al 24 de octubre<\/b>.\u00a0<\/p>\n<p>Para ello, tan solo tienes que acceder al siguiente\u00a0<a href=\"https:\/\/forms.gle\/XzSV5x3uDxPDTMmu8\" target=\"_blank\" rel=\"noopener\"><strong>formulario<\/strong>\u00a0<\/a>y rellenar los datos que se te solicitan. \u00a1As\u00ed de sencillo!\u00a0<\/p>\n<p>Recuerda que, si eres una de las personas seleccionadas, tendr\u00e1s derecho a una beca que te permitir\u00e1 ampliar tus horizontes, conocer nuevas culturas y vivir experiencias educativas en el extranjero. Puedes consultar todos los detalles aqu\u00ed\u00a0<img decoding=\"async\" class=\"emoji\" role=\"img\" draggable=\"false\" src=\"https:\/\/s.w.org\/images\/core\/emoji\/17.0.2\/svg\/1f449.svg\" alt=\"\ud83d\udc49\" \/>\u00a0<a href=\"https:\/\/www.canva.com\/design\/DAG0D5jktdo\/A4ZOLCcU_YL_QjXL8PS17Q\/edit?utm_content=DAG0D5jktdo&amp;utm_campaign=designshare&amp;utm_medium=link2&amp;utm_source=sharebutton\" target=\"_blank\" rel=\"noopener\">Presentaci\u00f3n Erasmus Days FP 2025<\/a>.<\/p>\n<p>Una vez acabado este plazo, continuaremos el proceso de selecci\u00f3n con la baremaci\u00f3n del alumnado aspirante, valorando especialmente a quienes tengan un expediente acad\u00e9mico sobresaliente y demuestren un fuerte compromiso con el programa.<\/p>\n<p>Si tienes dudas o quieres ampliar informaci\u00f3n, visita la secci\u00f3n de Erasmus en la web del instituto, s\u00edguenos en nuestras RRSS\u00a0<a href=\"https:\/\/www.instagram.com\/erasmusfp_alboran\/\" target=\"_blank\" rel=\"noopener\">@erasmusfp_alboran<\/a>\u00a0o contacta con la coordinadora Erasmus FP del instituto a trav\u00e9s del correo electr\u00f3nico \u00a0 (<a href=\"mailto:erasmusfp@maralboran.es\">erasmusfp@maralboran.es<\/a>) o Whatsapp (+34 622723112).<\/p>\n<p>\u00a1Buena suerte a todas y a todos!<\/p>\n\n\n","protected":false},"excerpt":{"rendered":"<p>Si eres alumna\/o de ciclos formativos del IES Mar de Albor\u00e1n y est\u00e1s interesada\/o en participar en alguna de las movilidades Erasmus de FP para el curso 2025\/2026, puedes enviar&#46;&#46;&#46;<\/p>\n","protected":false},"author":1,"featured_media":1341,"comment_status":"closed","ping_status":"closed","sticky":false,"template":"","format":"standard","meta":{"_price":"","_stock":"","_tribe_ticket_header":"","_tribe_default_ticket_provider":"","_tribe_ticket_capacity":"","_ticket_start_date":"","_ticket_end_date":"","_tribe_ticket_show_description":"","_tribe_ticket_show_not_going":false,"_tribe_ticket_use_global_stock":"","_tribe_ticket_global_stock_level":"","_global_stock_mode":"","_global_stock_cap":"","_tribe_rsvp_for_event":"","_tribe_ticket_going_count":"","_tribe_ticket_not_going_count":"","_tribe_tickets_list":"[]","_tribe_ticket_has_attendee_info_fields":false,"_kadence_starter_templates_imported_post":false,"footnotes":""},"categories":[1],"tags":[],"class_list":["post-1340","post","type-post","status-publish","format-standard","has-post-thumbnail","hentry","category-sin-categoria"],"gutentor_comment":0,"featured_image_src":"https:\/\/maralboran.eu\/europa\/wp-content\/uploads\/sites\/19\/2026\/02\/dia-escritoras-1-1-600x400.png","featured_image_src_square":"https:\/\/maralboran.eu\/europa\/wp-content\/uploads\/sites\/19\/2026\/02\/dia-escritoras-1-1-600x500.png","author_info":{"display_name":"administrador","author_link":"https:\/\/maralboran.eu\/europa\/author\/administrador\/"},"_links":{"self":[{"href":"https:\/\/maralboran.eu\/europa\/wp-json\/wp\/v2\/posts\/1340","targetHints":{"allow":["GET"]}}],"collection":[{"href":"https:\/\/maralboran.eu\/europa\/wp-json\/wp\/v2\/posts"}],"about":[{"href":"https:\/\/maralboran.eu\/europa\/wp-json\/wp\/v2\/types\/post"}],"author":[{"embeddable":true,"href":"https:\/\/maralboran.eu\/europa\/wp-json\/wp\/v2\/users\/1"}],"replies":[{"embeddable":true,"href":"https:\/\/maralboran.eu\/europa\/wp-json\/wp\/v2\/comments?post=1340"}],"version-history":[{"count":0,"href":"https:\/\/maralboran.eu\/europa\/wp-json\/wp\/v2\/posts\/1340\/revisions"}],"wp:featuredmedia":[{"embeddable":true,"href":"https:\/\/maralboran.eu\/europa\/wp-json\/wp\/v2\/media\/1341"}],"wp:attachment":[{"href":"https:\/\/maralboran.eu\/europa\/wp-json\/wp\/v2\/media?parent=1340"}],"wp:term":[{"taxonomy":"category","embeddable":true,"href":"https:\/\/maralboran.eu\/europa\/wp-json\/wp\/v2\/categories?post=1340"},{"taxonomy":"post_tag","embeddable":true,"href":"https:\/\/maralboran.eu\/europa\/wp-json\/wp\/v2\/tags?post=1340"}],"curies":[{"name":"wp","href":"https:\/\/api.w.org\/{rel}","templated":true}]}}