{"id":1282,"date":"2025-06-12T07:38:01","date_gmt":"2025-06-12T07:38:01","guid":{"rendered":"https:\/\/maralboran.eu\/europa\/?p=1282"},"modified":"2025-06-12T07:38:03","modified_gmt":"2025-06-12T07:38:03","slug":"erasmus-fp-ejemplo-de-buenas-practicas-para-el-cep","status":"publish","type":"post","link":"https:\/\/maralboran.eu\/europa\/2025\/06\/12\/erasmus-fp-ejemplo-de-buenas-practicas-para-el-cep\/","title":{"rendered":"Erasmus+ FP, ejemplo de buenas pr\u00e1cticas para el CEP"},"content":{"rendered":"\n<figure class=\"wp-block-embed is-type-video is-provider-youtube wp-block-embed-youtube wp-embed-aspect-16-9 wp-has-aspect-ratio\"><div class=\"wp-block-embed__wrapper\">\n<div class=\"video-container\"><iframe loading=\"lazy\" title=\"Erasmus+ FP, ejemplo de buenas pr\u00e1cticas para el CEP\" width=\"500\" height=\"281\" src=\"https:\/\/www.youtube.com\/embed\/dMxUW6gzeoA?feature=oembed&#038;wmode=opaque\" frameborder=\"0\" allow=\"accelerometer; autoplay; clipboard-write; encrypted-media; gyroscope; picture-in-picture; web-share\" referrerpolicy=\"strict-origin-when-cross-origin\" allowfullscreen><\/iframe><\/div>\n<\/div><\/figure>\n\n\n\n<blockquote>\n<p><b>\u00a1El IES Mar de Albor\u00e1n en el foco de las buenas pr\u00e1cticas educativas!<\/b><\/p>\n<\/blockquote>\n<p><span style=\"font-weight: 400;\">El pasado 22 de mayo recibimos con mucha ilusi\u00f3n la visita del equipo del <\/span><i><span style=\"font-weight: 400;\">CEP Marbella-Co\u00edn<\/span><\/i><span style=\"font-weight: 400;\">, que eligi\u00f3 a nuestro centro para grabar un v\u00eddeo como parte de una serie sobre centros educativos que destacan por sus buenas pr\u00e1cticas, en esta ocasi\u00f3n en el \u00e1mbito de nuestra Formaci\u00f3n Profesional.<\/span><\/p>\n<p><span style=\"font-weight: 400;\">Durante la jornada, pudieron conocer de cerca el trabajo que realizamos en el programa Erasmus+ de Formaci\u00f3n Profesional, uno de los pilares de nuestra apuesta por la internacionalizaci\u00f3n, la innovaci\u00f3n y el desarrollo personal y profesional de nuestro alumnado, y que venimos impulsando con firme compromiso desde hace varios cursos, consolid\u00e1ndose como una de nuestras se\u00f1as de identidad.<\/span><\/p>\n<p><span style=\"font-weight: 400;\">Agradecemos al CEP Marbella-Co\u00edn su inter\u00e9s por dar difusi\u00f3n a este tipo de iniciativas y por poner en valor el esfuerzo y compromiso de toda nuestra comunidad educativa en favor de una formaci\u00f3n de calidad, abierta a Europa y centrada en el crecimiento integral del alumnado.<\/span><\/p>\n<p><span style=\"font-weight: 400;\">\u00a1Aqu\u00ed pod\u00e9is ver el resultado final! \ud83c\udfa5<\/span><\/p>\n","protected":false},"excerpt":{"rendered":"<p>\u00a1El IES Mar de Albor\u00e1n en el foco de las buenas pr\u00e1cticas educativas! El pasado 22 de mayo recibimos con mucha ilusi\u00f3n la visita del equipo del CEP Marbella-Co\u00edn, que&#46;&#46;&#46;<\/p>\n","protected":false},"author":1,"featured_media":1284,"comment_status":"closed","ping_status":"closed","sticky":false,"template":"","format":"standard","meta":{"_price":"","_stock":"","_tribe_ticket_header":"","_tribe_default_ticket_provider":"","_tribe_ticket_capacity":"","_ticket_start_date":"","_ticket_end_date":"","_tribe_ticket_show_description":"","_tribe_ticket_show_not_going":false,"_tribe_ticket_use_global_stock":"","_tribe_ticket_global_stock_level":"","_global_stock_mode":"","_global_stock_cap":"","_tribe_rsvp_for_event":"","_tribe_ticket_going_count":"","_tribe_ticket_not_going_count":"","_tribe_tickets_list":"[]","_tribe_ticket_has_attendee_info_fields":false,"_kadence_starter_templates_imported_post":false,"footnotes":""},"categories":[9],"tags":[],"class_list":["post-1282","post","type-post","status-publish","format-standard","has-post-thumbnail","hentry","category-fp"],"gutentor_comment":0,"featured_image_src":"https:\/\/maralboran.eu\/europa\/wp-content\/uploads\/sites\/19\/2025\/06\/erasmus-600x400.png","featured_image_src_square":"https:\/\/maralboran.eu\/europa\/wp-content\/uploads\/sites\/19\/2025\/06\/erasmus-600x500.png","author_info":{"display_name":"administrador","author_link":"https:\/\/maralboran.eu\/europa\/author\/administrador\/"},"_links":{"self":[{"href":"https:\/\/maralboran.eu\/europa\/wp-json\/wp\/v2\/posts\/1282","targetHints":{"allow":["GET"]}}],"collection":[{"href":"https:\/\/maralboran.eu\/europa\/wp-json\/wp\/v2\/posts"}],"about":[{"href":"https:\/\/maralboran.eu\/europa\/wp-json\/wp\/v2\/types\/post"}],"author":[{"embeddable":true,"href":"https:\/\/maralboran.eu\/europa\/wp-json\/wp\/v2\/users\/1"}],"replies":[{"embeddable":true,"href":"https:\/\/maralboran.eu\/europa\/wp-json\/wp\/v2\/comments?post=1282"}],"version-history":[{"count":0,"href":"https:\/\/maralboran.eu\/europa\/wp-json\/wp\/v2\/posts\/1282\/revisions"}],"wp:featuredmedia":[{"embeddable":true,"href":"https:\/\/maralboran.eu\/europa\/wp-json\/wp\/v2\/media\/1284"}],"wp:attachment":[{"href":"https:\/\/maralboran.eu\/europa\/wp-json\/wp\/v2\/media?parent=1282"}],"wp:term":[{"taxonomy":"category","embeddable":true,"href":"https:\/\/maralboran.eu\/europa\/wp-json\/wp\/v2\/categories?post=1282"},{"taxonomy":"post_tag","embeddable":true,"href":"https:\/\/maralboran.eu\/europa\/wp-json\/wp\/v2\/tags?post=1282"}],"curies":[{"name":"wp","href":"https:\/\/api.w.org\/{rel}","templated":true}]}}