{"id":1269,"date":"2025-05-21T06:53:00","date_gmt":"2025-05-21T06:53:00","guid":{"rendered":"https:\/\/maralboran.eu\/europa\/?p=1269"},"modified":"2025-05-21T06:53:02","modified_gmt":"2025-05-21T06:53:02","slug":"segunda-fase-de-practicas-en-irlanda-suecia-y-eslovenia","status":"publish","type":"post","link":"https:\/\/maralboran.eu\/europa\/2025\/05\/21\/segunda-fase-de-practicas-en-irlanda-suecia-y-eslovenia\/","title":{"rendered":"Segunda fase de pr\u00e1cticas en Irlanda, Suecia y Eslovenia"},"content":{"rendered":"\n<div id=\"section-g-to9so0s\" class=\"wp-block-gutentor-e6 section-g-to9so0s gutentor-element gutentor-element-image\">\n<div class=\"gutentor-element-image-box\">\n<div class=\"gutentor-image-thumb\"><img decoding=\"async\" class=\"normal-image\" src=\"https:\/\/maralboran.eu\/wp-content\/uploads\/2025\/05\/Copia-de-FP-MOLIVIDAD-SALIENTE-IRLANDA-24251.jpg\" \/><\/div>\n<\/div>\n<\/div>\n<blockquote><hr \/>\n<p><b>\u00a1Nuestros Erasmus+FP vuelven a hacer las maletas!\u00a0<\/b><\/p>\n<\/blockquote>\n<p>Nuestros alumnos y alumnas de Formaci\u00f3n Profesional \u00a1vuelven a cruzar fronteras!, acaban de comenzar la\u00a0<b>segunda fase de sus pr\u00e1cticas<\/b>\u00a0dentro del programa\u00a0<b>Erasmus+ VET<\/b>, y lo hacen con much\u00edsima ilusi\u00f3n y ganas de seguir aprendiendo en entornos laborales internacionales.<\/p>\n<ul>\n<li aria-level=\"1\"><b>Rosa y Pepa G\u00f3mez Jim\u00e9nez<\/b>, del\u00a0<b>CFGM de Gesti\u00f3n Administrativa<\/b>, ya est\u00e1n instaladas en Enniscorthy\u00a0<b>(Irlanda)<\/b>, listas para seguir sumando experiencia en empresas del sector administrativo.<\/li>\n<li aria-level=\"1\"><b>Alejandro Del Olmo Mart\u00ednez<\/b>\u00a0y\u00a0<b>Victor Ivanov<\/b>, del\u00a0<b>CFGM de Sistemas Microinform\u00e1ticos y Redes<\/b>, han aterrizado en\u00a0<b>Vasteras (Suecia)<\/b>, donde pondr\u00e1n en pr\u00e1ctica todo lo aprendido en el mundo tech.<\/li>\n<li aria-level=\"1\"><b>Cristi\u00e1n Jos\u00e9 Herrera Flores<\/b>\u00a0y\u00a0<b>David Montes Holgado<\/b>, del\u00a0<b>CFGM de Instalaciones de Telecomunicaciones<\/b>, se han desplazado a\u00a0<b>Celje (Eslovenia)<\/b>\u00a0para seguir creciendo como profesionales en el \u00e1mbito de las telecomunicaciones.<\/li>\n<\/ul>\n<p>Esta aventura Erasmus+ no solo les permite mejorar sus competencias t\u00e9cnicas y ling\u00fc\u00edsticas, sino tambi\u00e9n vivir una experiencia \u00fanica, conocer otras culturas, hacer nuevos amigos y enfrentarse a retos reales del mundo laboral. \u00a1Toda una oportunidad para crecer dentro y fuera del aula!<\/p>\n<p>Desde el centro, les enviamos todo nuestro apoyo y cari\u00f1o. Sabemos que lo vais a hacer genial. \u00a1Disfrutad, aprended y aprovechad cada momento!<\/p>\n","protected":false},"excerpt":{"rendered":"<p>\u00a1Nuestros Erasmus+FP vuelven a hacer las maletas!\u00a0 Nuestros alumnos y alumnas de Formaci\u00f3n Profesional \u00a1vuelven a cruzar fronteras!, acaban de comenzar la\u00a0segunda fase de sus pr\u00e1cticas\u00a0dentro del programa\u00a0Erasmus+ VET, y&#46;&#46;&#46;<\/p>\n","protected":false},"author":1,"featured_media":1270,"comment_status":"closed","ping_status":"closed","sticky":false,"template":"","format":"standard","meta":{"_price":"","_stock":"","_tribe_ticket_header":"","_tribe_default_ticket_provider":"","_tribe_ticket_capacity":"","_ticket_start_date":"","_ticket_end_date":"","_tribe_ticket_show_description":"","_tribe_ticket_show_not_going":false,"_tribe_ticket_use_global_stock":"","_tribe_ticket_global_stock_level":"","_global_stock_mode":"","_global_stock_cap":"","_tribe_rsvp_for_event":"","_tribe_ticket_going_count":"","_tribe_ticket_not_going_count":"","_tribe_tickets_list":"[]","_tribe_ticket_has_attendee_info_fields":false,"_kadence_starter_templates_imported_post":false,"footnotes":""},"categories":[9,33],"tags":[],"class_list":["post-1269","post","type-post","status-publish","format-standard","has-post-thumbnail","hentry","category-fp","category-practicas-empresas"],"gutentor_comment":0,"featured_image_src":"https:\/\/maralboran.eu\/europa\/wp-content\/uploads\/sites\/19\/2025\/05\/autoinscripcion-pau-3-600x400.png","featured_image_src_square":"https:\/\/maralboran.eu\/europa\/wp-content\/uploads\/sites\/19\/2025\/05\/autoinscripcion-pau-3-600x500.png","author_info":{"display_name":"administrador","author_link":"https:\/\/maralboran.eu\/europa\/author\/administrador\/"},"_links":{"self":[{"href":"https:\/\/maralboran.eu\/europa\/wp-json\/wp\/v2\/posts\/1269","targetHints":{"allow":["GET"]}}],"collection":[{"href":"https:\/\/maralboran.eu\/europa\/wp-json\/wp\/v2\/posts"}],"about":[{"href":"https:\/\/maralboran.eu\/europa\/wp-json\/wp\/v2\/types\/post"}],"author":[{"embeddable":true,"href":"https:\/\/maralboran.eu\/europa\/wp-json\/wp\/v2\/users\/1"}],"replies":[{"embeddable":true,"href":"https:\/\/maralboran.eu\/europa\/wp-json\/wp\/v2\/comments?post=1269"}],"version-history":[{"count":0,"href":"https:\/\/maralboran.eu\/europa\/wp-json\/wp\/v2\/posts\/1269\/revisions"}],"wp:featuredmedia":[{"embeddable":true,"href":"https:\/\/maralboran.eu\/europa\/wp-json\/wp\/v2\/media\/1270"}],"wp:attachment":[{"href":"https:\/\/maralboran.eu\/europa\/wp-json\/wp\/v2\/media?parent=1269"}],"wp:term":[{"taxonomy":"category","embeddable":true,"href":"https:\/\/maralboran.eu\/europa\/wp-json\/wp\/v2\/categories?post=1269"},{"taxonomy":"post_tag","embeddable":true,"href":"https:\/\/maralboran.eu\/europa\/wp-json\/wp\/v2\/tags?post=1269"}],"curies":[{"name":"wp","href":"https:\/\/api.w.org\/{rel}","templated":true}]}}