{"id":1192,"date":"2024-12-02T10:06:41","date_gmt":"2024-12-02T10:06:41","guid":{"rendered":"https:\/\/maralboran.eu\/europa\/?p=1192"},"modified":"2025-03-13T11:11:24","modified_gmt":"2025-03-13T11:11:24","slug":"milan-movilidad-saliente-del-alumnado-de-1o-de-bachillerato","status":"publish","type":"post","link":"https:\/\/maralboran.eu\/europa\/2024\/12\/02\/milan-movilidad-saliente-del-alumnado-de-1o-de-bachillerato\/","title":{"rendered":"Mil\u00e1n: movilidad saliente del alumnado de 1\u00ba de Bachillerato"},"content":{"rendered":"\n<div id=\"section-g-8y1clqf\" class=\"wp-block-gutentor-e6 section-g-8y1clqf gutentor-element gutentor-element-image\">\n<div class=\"gutentor-element-image-box\">\n<div class=\"gutentor-image-thumb\"><img decoding=\"async\" class=\"normal-image\" src=\"https:\/\/maralboran.eu\/wp-content\/uploads\/2024\/12\/PORTADA-MILAN-SALIENTE-2024.png\" \/><\/div>\n<\/div>\n<\/div>\n<hr \/>\n<p>Gracias al Programa Erasmus+,\u00a0 un grupo de 12 alumnos y alumnas de 1\u00ba de Bachillerato viajaron del 10 al 16 de noviembre hasta Paderno Dugnano (Mil\u00e1n) para conocer a sus\u00a0<i>partners\u00a0<\/i>italianos del ISS Carlo Emilio Gadda y a sus familias, con las que se quedaron y compartieron experiencias.<\/p>\n<p>Durante este curso escolar, las coordinadoras \u00c1ngela Gonz\u00e1lez-Grano de Oro P\u00e9rez y Marina Castro Cerv\u00e1n han empezado a desarrollar de forma conjunta un proyecto con las coordinadoras italianas Daniela Rigamonti y M\u00f3nica Bramati con la tem\u00e1tica \u201cSalud y Bienestar\u201d. La primera l\u00ednea de trabajo se ha llevado a cabo en Italia a lo largo de la semana mencionada y la segunda tendr\u00e1 lugar en Estepona en febrero de 2025.<\/p>\n<p>El primer d\u00eda, el alumnado fue recibido en el aula magna y posteriormente realizaron una serie de actividades para mover\u00a0<i>el cuerpo y la mente\u00a0<\/i>y conocerse mejor. Asimismo, asistieron a clases de diversas materias en el centro italiano y han podido ver otra realidad desde muy cerca.<\/p>\n<p>Cabe recalcar que el primer d\u00eda estuvo lleno de emociones, ya que se celebr\u00f3 un Concurso Karaoke en un sitio maravilloso con much\u00edsimo p\u00fablico y nuestra alumna<b>\u00a0Irene Fusco Tortosa\u00a0<\/b>sali\u00f3 vencedora del voto del p\u00fablico, uno de los 3 premios que se otorgaban a los mejores cantantes de la noche. \u00a1Dej\u00f3 a Espa\u00f1a en lo m\u00e1s alto!<\/p>\n<p>El resto de d\u00edas, visitamos numerosos lugares como\u00a0<b>Mil\u00e1n<\/b>, donde vimos el Duomo de Mil\u00e1n y la Galer\u00eda Vittorio Emanuele II,\u00a0<b>B\u00e9rgamo<\/b>, con sus maravillosas Ciudad Alta y Baja y terminamos con la visita a\u00a0<b>Monza,\u00a0<\/b>ciudad en la que atravesamos el parque amurallado m\u00e1s grande de Europa, vimos la Villa Real de Monza, el Duomo de Monza y merendamos todos juntos.<\/p>\n<p>El alumnado no par\u00f3 de mover el cuerpo y conectar con su mente gracias a actividades como el minigolf, el ping-pong, la gimnasia china y el yoga, terminando la semana con una clase estupenda de relajaci\u00f3n. Adem\u00e1s, el tiempo nos respet\u00f3 desde el primer hasta el \u00faltimo d\u00eda. \u00a1Tuvimos mucha suerte!<\/p>\n<p>Todos y cada uno de los alumnos nos han hecho saber que han aprendido algo que se llevar\u00e1n para siempre consigo. Esta aventura no ha acabado, pero esperamos que esto se convierta en un recuerdo que jam\u00e1s olviden\u2026<\/p>\n<p>\u00a0<\/p>\n<p><div class=\"video-container\"><iframe loading=\"lazy\" title=\"Erasmus movilidad saliente Short Mil\u00e1n 24 25\" width=\"500\" height=\"281\" src=\"https:\/\/www.youtube.com\/embed\/gI478Ww6pB0?feature=oembed&#038;wmode=opaque\" frameborder=\"0\" allow=\"accelerometer; autoplay; clipboard-write; encrypted-media; gyroscope; picture-in-picture; web-share\" referrerpolicy=\"strict-origin-when-cross-origin\" allowfullscreen><\/iframe><\/div><\/p>\n","protected":false},"excerpt":{"rendered":"<p>Gracias al Programa Erasmus+,\u00a0 un grupo de 12 alumnos y alumnas de 1\u00ba de Bachillerato viajaron del 10 al 16 de noviembre hasta Paderno Dugnano (Mil\u00e1n) para conocer a sus\u00a0partners\u00a0italianos&#46;&#46;&#46;<\/p>\n","protected":false},"author":1,"featured_media":1193,"comment_status":"closed","ping_status":"closed","sticky":false,"template":"","format":"standard","meta":{"_price":"","_stock":"","_tribe_ticket_header":"","_tribe_default_ticket_provider":"","_tribe_ticket_capacity":"","_ticket_start_date":"","_ticket_end_date":"","_tribe_ticket_show_description":"","_tribe_ticket_show_not_going":false,"_tribe_ticket_use_global_stock":"","_tribe_ticket_global_stock_level":"","_global_stock_mode":"","_global_stock_cap":"","_tribe_rsvp_for_event":"","_tribe_ticket_going_count":"","_tribe_ticket_not_going_count":"","_tribe_tickets_list":"[]","_tribe_ticket_has_attendee_info_fields":false,"_kadence_starter_templates_imported_post":false,"footnotes":""},"categories":[10,5],"tags":[],"class_list":["post-1192","post","type-post","status-publish","format-standard","has-post-thumbnail","hentry","category-escolar","category-movilidad"],"gutentor_comment":0,"featured_image_src":"https:\/\/maralboran.eu\/europa\/wp-content\/uploads\/sites\/19\/2024\/12\/Diseno-sin-titulo-600x400.png","featured_image_src_square":"https:\/\/maralboran.eu\/europa\/wp-content\/uploads\/sites\/19\/2024\/12\/Diseno-sin-titulo-600x500.png","author_info":{"display_name":"administrador","author_link":"https:\/\/maralboran.eu\/europa\/author\/administrador\/"},"_links":{"self":[{"href":"https:\/\/maralboran.eu\/europa\/wp-json\/wp\/v2\/posts\/1192","targetHints":{"allow":["GET"]}}],"collection":[{"href":"https:\/\/maralboran.eu\/europa\/wp-json\/wp\/v2\/posts"}],"about":[{"href":"https:\/\/maralboran.eu\/europa\/wp-json\/wp\/v2\/types\/post"}],"author":[{"embeddable":true,"href":"https:\/\/maralboran.eu\/europa\/wp-json\/wp\/v2\/users\/1"}],"replies":[{"embeddable":true,"href":"https:\/\/maralboran.eu\/europa\/wp-json\/wp\/v2\/comments?post=1192"}],"version-history":[{"count":0,"href":"https:\/\/maralboran.eu\/europa\/wp-json\/wp\/v2\/posts\/1192\/revisions"}],"wp:featuredmedia":[{"embeddable":true,"href":"https:\/\/maralboran.eu\/europa\/wp-json\/wp\/v2\/media\/1193"}],"wp:attachment":[{"href":"https:\/\/maralboran.eu\/europa\/wp-json\/wp\/v2\/media?parent=1192"}],"wp:term":[{"taxonomy":"category","embeddable":true,"href":"https:\/\/maralboran.eu\/europa\/wp-json\/wp\/v2\/categories?post=1192"},{"taxonomy":"post_tag","embeddable":true,"href":"https:\/\/maralboran.eu\/europa\/wp-json\/wp\/v2\/tags?post=1192"}],"curies":[{"name":"wp","href":"https:\/\/api.w.org\/{rel}","templated":true}]}}