{"id":1190,"date":"2024-11-17T09:00:49","date_gmt":"2024-11-17T09:00:49","guid":{"rendered":"https:\/\/maralboran.eu\/europa\/?p=1190"},"modified":"2025-03-09T18:20:36","modified_gmt":"2025-03-09T18:20:36","slug":"movilidad-entrante-de-alumnado-sueco-2024","status":"publish","type":"post","link":"https:\/\/maralboran.eu\/europa\/2024\/11\/17\/movilidad-entrante-de-alumnado-sueco-2024\/","title":{"rendered":"Movilidad entrante de alumnado sueco 2024"},"content":{"rendered":"\n\n\n<p><div class=\"video-container\"><iframe loading=\"lazy\" title=\"Movilidad entrante de alumnado sueco 2024\" width=\"500\" height=\"281\" src=\"https:\/\/www.youtube.com\/embed\/neCQ5xSYP30?feature=oembed&#038;wmode=opaque\" frameborder=\"0\" allow=\"accelerometer; autoplay; clipboard-write; encrypted-media; gyroscope; picture-in-picture; web-share\" referrerpolicy=\"strict-origin-when-cross-origin\" allowfullscreen><\/iframe><\/div><\/p>\n<hr \/>\n<p><span style=\"font-weight: 400;\">Del 2 al 9 de noviembre nuestro centro ha recibido a un grupo de 15 alumnos y alumnas procedentes de la ciudad sueca de V\u00e4ster\u00e5s. El grupo estaba compuesto por alumnado de tres centros escolares distintos: Irstaskolan, \u00d6ntaskolan y Tillbergaskolan que lleva trabajando con nuestro centro, dentro del Programa Erasmus+, 3 a\u00f1os en el programa escolar y desde 2016 con otros programas.<\/span><\/p>\n<p><span style=\"font-weight: 400;\">Durante este curso escolar vamos a desarrollar, de forma conjunta, un proyecto relacionado con la sostenibilidad y el patrimonio. El proyecto consta de dos l\u00edneas de trabajo. La primera, iniciada estos d\u00edas en nuestra ciudad, y la segunda, que servir\u00e1 como cierre, se celebrar\u00e1 en Suecia.<\/span><\/p>\n<p><span style=\"font-weight: 400;\">El alumnado de 3\u00ba ESO, en colaboraci\u00f3n con la coordinadora Erasmus+ Mar\u00eda Carmen Franc\u00e9s Monta\u00f1\u00e9s y la coordinadora del proyecto, Irene Gonz\u00e1lez Fern\u00e1ndez, organizaron diferentes actividades que han tenido como objetivos el conocimiento, la sensibilizaci\u00f3n, el cuidado y la protecci\u00f3n del patrimonio en todas sus formas y categor\u00edas.<\/span><\/p>\n<p><span style=\"font-weight: 400;\">En concreto, nuestros alumnos y alumnas espa\u00f1oles empezaron presentando nuestra ciudad as\u00ed como nuestro centro para, acto seguido, disfrutar de las distintas presentaciones del alumnado sueco que nos ense\u00f1aron algunos aspectos de Suecia, como tradiciones, m\u00fasica\u2026 que nos acercaron a su cultura. Finalmente, hicimos un juego para conocernos mejor. Esa misma tarde y, gracias a la colaboraci\u00f3n de nuestros compa\u00f1eros y compa\u00f1eras del departamento Erasmus+, 30 alumnos y alumnas participaron en una Gymkhana muy divertida por el centro de Estepona.<\/span><\/p>\n<p><span style=\"font-weight: 400;\">El resto de la semana transcurri\u00f3 primero, con un visionado de un documental y una profunda reflexi\u00f3n sobre \u201cfast fashion\u201d e intercambio de ropa y luego, con una clase de salsa impartida por nuestro querido compa\u00f1ero Marcos. El mi\u00e9rcoles disfrutamos de un paseo urbano por Estepona, centrando la atenci\u00f3n en la sostenibilidad de la ciudad, siendo su peatonalizaci\u00f3n la protagonista de la jornada. Terminamos la semana estudiando la reutilizaci\u00f3n de distintos edificios hist\u00f3ricos de la ciudad de M\u00e1laga y visitando la misma. Durante la visita de la ciudad los alumnos y alumnas disfrutaron de un desayuno de churros con chocolate, y junto a los exteriores de M\u00e1laga (CAC, Catedral, Alcazaba,&#8230;), visitaron el Mercado de Atarazanas y el Museo de M\u00e1laga, haciendo un recorrido por la arquitectura y pintura de la provincia.<\/span><\/p>\n<p><span style=\"font-weight: 400;\">Ha sido una semana llena de emociones y experiencias que ha enriquecido y aportado momentos inolvidables a todos los participantes del Programa Erasmus+.\u00a0<\/span><\/p>\n","protected":false},"excerpt":{"rendered":"<p>Del 2 al 9 de noviembre nuestro centro ha recibido a un grupo de 15 alumnos y alumnas procedentes de la ciudad sueca de V\u00e4ster\u00e5s. El grupo estaba compuesto por&#46;&#46;&#46;<\/p>\n","protected":false},"author":1,"featured_media":1233,"comment_status":"closed","ping_status":"closed","sticky":false,"template":"","format":"standard","meta":{"_price":"","_stock":"","_tribe_ticket_header":"","_tribe_default_ticket_provider":"","_tribe_ticket_capacity":"","_ticket_start_date":"","_ticket_end_date":"","_tribe_ticket_show_description":"","_tribe_ticket_show_not_going":false,"_tribe_ticket_use_global_stock":"","_tribe_ticket_global_stock_level":"","_global_stock_mode":"","_global_stock_cap":"","_tribe_rsvp_for_event":"","_tribe_ticket_going_count":"","_tribe_ticket_not_going_count":"","_tribe_tickets_list":"[]","_tribe_ticket_has_attendee_info_fields":false,"_kadence_starter_templates_imported_post":false,"footnotes":""},"categories":[10,5],"tags":[],"class_list":["post-1190","post","type-post","status-publish","format-standard","has-post-thumbnail","hentry","category-escolar","category-movilidad"],"gutentor_comment":0,"featured_image_src":"https:\/\/maralboran.eu\/europa\/wp-content\/uploads\/sites\/19\/2024\/11\/sddefault-600x355.jpg","featured_image_src_square":"https:\/\/maralboran.eu\/europa\/wp-content\/uploads\/sites\/19\/2024\/11\/sddefault-600x355.jpg","author_info":{"display_name":"administrador","author_link":"https:\/\/maralboran.eu\/europa\/author\/administrador\/"},"_links":{"self":[{"href":"https:\/\/maralboran.eu\/europa\/wp-json\/wp\/v2\/posts\/1190","targetHints":{"allow":["GET"]}}],"collection":[{"href":"https:\/\/maralboran.eu\/europa\/wp-json\/wp\/v2\/posts"}],"about":[{"href":"https:\/\/maralboran.eu\/europa\/wp-json\/wp\/v2\/types\/post"}],"author":[{"embeddable":true,"href":"https:\/\/maralboran.eu\/europa\/wp-json\/wp\/v2\/users\/1"}],"replies":[{"embeddable":true,"href":"https:\/\/maralboran.eu\/europa\/wp-json\/wp\/v2\/comments?post=1190"}],"version-history":[{"count":0,"href":"https:\/\/maralboran.eu\/europa\/wp-json\/wp\/v2\/posts\/1190\/revisions"}],"wp:featuredmedia":[{"embeddable":true,"href":"https:\/\/maralboran.eu\/europa\/wp-json\/wp\/v2\/media\/1233"}],"wp:attachment":[{"href":"https:\/\/maralboran.eu\/europa\/wp-json\/wp\/v2\/media?parent=1190"}],"wp:term":[{"taxonomy":"category","embeddable":true,"href":"https:\/\/maralboran.eu\/europa\/wp-json\/wp\/v2\/categories?post=1190"},{"taxonomy":"post_tag","embeddable":true,"href":"https:\/\/maralboran.eu\/europa\/wp-json\/wp\/v2\/tags?post=1190"}],"curies":[{"name":"wp","href":"https:\/\/api.w.org\/{rel}","templated":true}]}}