{"id":1164,"date":"2024-10-25T16:22:51","date_gmt":"2024-10-25T16:22:51","guid":{"rendered":"https:\/\/maralboran.eu\/europa\/?p=1164"},"modified":"2024-10-28T16:35:15","modified_gmt":"2024-10-28T16:35:15","slug":"movilidad-entrante-grupo-celje-eslovenia","status":"publish","type":"post","link":"https:\/\/maralboran.eu\/europa\/2024\/10\/25\/movilidad-entrante-grupo-celje-eslovenia\/","title":{"rendered":"Movilidad entrante grupo Celje Eslovenia"},"content":{"rendered":"\n<figure class=\"wp-block-embed is-type-video is-provider-youtube wp-block-embed-youtube wp-embed-aspect-16-9 wp-has-aspect-ratio\"><div class=\"wp-block-embed__wrapper\">\n<div class=\"video-container\"><iframe loading=\"lazy\" title=\"Movilidad entrante grupo Celje Eslovenia\" width=\"500\" height=\"281\" src=\"https:\/\/www.youtube.com\/embed\/xAFtZdwScJE?feature=oembed&#038;wmode=opaque\" frameborder=\"0\" allow=\"accelerometer; autoplay; clipboard-write; encrypted-media; gyroscope; picture-in-picture; web-share\" referrerpolicy=\"strict-origin-when-cross-origin\" allowfullscreen><\/iframe><\/div>\n<\/div><\/figure>\n\n\n\n<p>\u00a0<\/p>\n<hr \/>\n<p><span style=\"font-weight: 400;\">Del 14 al 18 de Octubre nuestro centro ha recibido a un grupo de alumnado procedente de la ciudad eslovena de Celje. Este grupo pertenece al centro escolar Gimnazija Lava que lleva trabajando con nuestro centro, dentro del Programa Erasmus+, m\u00e1s de un lustro.\u00a0<\/span><\/p>\n<p><span style=\"font-weight: 400;\">Durante este curso escolar vamos a desarrollar, de forma conjunta, un proyecto relacionado con la sostenibilidad y el patrimonio. El proyecto consta de dos l\u00edneas de trabajo. La primera, iniciada estos d\u00edas en nuestra ciudad, y la segunda, que servir\u00e1 como cierre, se celebrar\u00e1 en Eslovenia.<\/span><\/p>\n<p><span style=\"font-weight: 400;\">El alumnado de 4\u00ba ESO, en colaboraci\u00f3n con su profesorado de ingl\u00e9s, Seraf\u00edn Bertholet Ram\u00edrez y Francisca Jurado Ponte, y la coordinadora del proyecto, Mar\u00eda Teresa Mena Gil, organizaron diferentes actividades que han tenido como objetivos el conocimiento, la sensibilizaci\u00f3n, el cuidado y la protecci\u00f3n del patrimonio en todas sus formas y categor\u00edas.<\/span><\/p>\n<p><span style=\"font-weight: 400;\">En concreto, empezamos trabajando un taller de reciclado e intercambio de ropa, donde se expuso la problem\u00e1tica que genera el consumo de \u201cfast fashion\u201d y las alternativas que podr\u00edamos utilizar. Seguimos la semana echando un vistazo al pasado y estudiando c\u00f3mo las civilizaciones colapsaron y reutilizaron materiales, edificios, elementos culturales y ling\u00fc\u00edsticos\u2026 Para terminar, nos centramos en la remodelaci\u00f3n urban\u00edstica de nuestra ciudad que est\u00e1 apoyando, cada vez m\u00e1s, por la movilidad sostenible dentro del centro hist\u00f3rico.\u00a0<\/span><\/p>\n<p><span style=\"font-weight: 400;\">Sin duda, esta semana ha enriquecido a nuestro alumnado que ha vivido una experiencia educativa totalmente diferente gracias al Programa Erasmus+.<\/span><\/p>\n<ul>\n<li><a href=\"https:\/\/view.genially.com\/670be2124962d4213de68c55\/interactive-content-incoming-group-celje-2024\"><b>PRESENTACI\u00d3N GENIALLY\u00a0<\/b><\/a><\/li>\n<\/ul>\n<p><br \/><br \/><\/p>\n","protected":false},"excerpt":{"rendered":"<p>\u00a0 Del 14 al 18 de Octubre nuestro centro ha recibido a un grupo de alumnado procedente de la ciudad eslovena de Celje. Este grupo pertenece al centro escolar Gimnazija&#46;&#46;&#46;<\/p>\n","protected":false},"author":1,"featured_media":1167,"comment_status":"closed","ping_status":"closed","sticky":false,"template":"","format":"standard","meta":{"_price":"","_stock":"","_tribe_ticket_header":"","_tribe_default_ticket_provider":"","_tribe_ticket_capacity":"","_ticket_start_date":"","_ticket_end_date":"","_tribe_ticket_show_description":"","_tribe_ticket_show_not_going":false,"_tribe_ticket_use_global_stock":"","_tribe_ticket_global_stock_level":"","_global_stock_mode":"","_global_stock_cap":"","_tribe_rsvp_for_event":"","_tribe_ticket_going_count":"","_tribe_ticket_not_going_count":"","_tribe_tickets_list":"[]","_tribe_ticket_has_attendee_info_fields":false,"_kadence_starter_templates_imported_post":false,"footnotes":""},"categories":[10,5],"tags":[],"class_list":["post-1164","post","type-post","status-publish","format-standard","has-post-thumbnail","hentry","category-escolar","category-movilidad"],"gutentor_comment":0,"featured_image_src":"https:\/\/maralboran.eu\/europa\/wp-content\/uploads\/sites\/19\/2024\/10\/Diseno-sin-titulo-600x400.png","featured_image_src_square":"https:\/\/maralboran.eu\/europa\/wp-content\/uploads\/sites\/19\/2024\/10\/Diseno-sin-titulo-600x500.png","author_info":{"display_name":"administrador","author_link":"https:\/\/maralboran.eu\/europa\/author\/administrador\/"},"_links":{"self":[{"href":"https:\/\/maralboran.eu\/europa\/wp-json\/wp\/v2\/posts\/1164","targetHints":{"allow":["GET"]}}],"collection":[{"href":"https:\/\/maralboran.eu\/europa\/wp-json\/wp\/v2\/posts"}],"about":[{"href":"https:\/\/maralboran.eu\/europa\/wp-json\/wp\/v2\/types\/post"}],"author":[{"embeddable":true,"href":"https:\/\/maralboran.eu\/europa\/wp-json\/wp\/v2\/users\/1"}],"replies":[{"embeddable":true,"href":"https:\/\/maralboran.eu\/europa\/wp-json\/wp\/v2\/comments?post=1164"}],"version-history":[{"count":1,"href":"https:\/\/maralboran.eu\/europa\/wp-json\/wp\/v2\/posts\/1164\/revisions"}],"predecessor-version":[{"id":1181,"href":"https:\/\/maralboran.eu\/europa\/wp-json\/wp\/v2\/posts\/1164\/revisions\/1181"}],"wp:featuredmedia":[{"embeddable":true,"href":"https:\/\/maralboran.eu\/europa\/wp-json\/wp\/v2\/media\/1167"}],"wp:attachment":[{"href":"https:\/\/maralboran.eu\/europa\/wp-json\/wp\/v2\/media?parent=1164"}],"wp:term":[{"taxonomy":"category","embeddable":true,"href":"https:\/\/maralboran.eu\/europa\/wp-json\/wp\/v2\/categories?post=1164"},{"taxonomy":"post_tag","embeddable":true,"href":"https:\/\/maralboran.eu\/europa\/wp-json\/wp\/v2\/tags?post=1164"}],"curies":[{"name":"wp","href":"https:\/\/api.w.org\/{rel}","templated":true}]}}