{"id":1146,"date":"2024-09-04T11:23:01","date_gmt":"2024-09-04T11:23:01","guid":{"rendered":"https:\/\/maralboran.eu\/europa\/?p=1146"},"modified":"2024-10-01T08:47:22","modified_gmt":"2024-10-01T08:47:22","slug":"publicadas-las-listas-de-erasmus-becas-larga-estancia","status":"publish","type":"post","link":"https:\/\/maralboran.eu\/europa\/2024\/09\/04\/publicadas-las-listas-de-erasmus-becas-larga-estancia\/","title":{"rendered":"Publicadas las listas de Erasmus+ becas larga estancia"},"content":{"rendered":"\n<div id=\"section-g-o3dk1os\" class=\"wp-block-gutentor-e6 section-g-o3dk1os gutentor-element gutentor-element-image\"><div class=\"gutentor-element-image-box\"><div class=\"gutentor-image-thumb\"><img decoding=\"async\" class=\"normal-image\" src=\"https:\/\/maralboran.eu\/europa\/wp-content\/uploads\/sites\/19\/2024\/09\/Diseno-sin-titulo.png\" \/><\/div><\/div><\/div>\n\n\n\n<hr \/>\n<p dir=\"ltr\">Estimadas familias:<\/p>\n<p dir=\"ltr\">Publicadas las listas con la baremaci\u00f3n para las movilidades Erasmus+\u00a0 para el curso 24-25 en el tabl\u00f3n de anuncios Erasmus del M\u00f3dulo 1 del centro.\u00a0 Los\/as candidatos\/as dispondr\u00e1n de cuarenta y ocho horas para reclamar, hasta el viernes 6 de septiembre de 2024.<\/p>\n<p dir=\"ltr\">En el caso de que alg\u00fan\/a candidato\/a desee renunciar a su plaza de admitido\/a, deber\u00e1 contestar por escrito a este correo electr\u00f3nico rellenando la declaraci\u00f3n jurada anexa antes del 6 de septiembre de 2024.<\/p>\n<p dir=\"ltr\">Una vez estimados estos cambios de reclamaciones y renuncias, se publicar\u00e1n las listas de baremaci\u00f3n definitivas el d\u00eda 9 de septiembre.<\/p>\n<p dir=\"ltr\">Direcci\u00f3n de correo electr\u00f3nico de contacto:\u00a0<a href=\"mailto:erasmus@maralboran.es\" target=\"_blank\" rel=\"noopener\">erasmus@maralboran.es<\/a><\/p>\n<p dir=\"ltr\"><a href=\"https:\/\/docs.google.com\/document\/d\/1IHsY-xM-bGaxxJR4aeAHBkGzEhsK7D7ySB3SzjF_Yn0\/edit\" target=\"_blank\" rel=\"noopener\"><strong>ENLACE DOCUMENTO<\/strong><\/a><\/p>\n","protected":false},"excerpt":{"rendered":"<p>Estimadas familias: Publicadas las listas con la baremaci\u00f3n para las movilidades Erasmus+\u00a0 para el curso 24-25 en el tabl\u00f3n de anuncios Erasmus del M\u00f3dulo 1 del centro.\u00a0 Los\/as candidatos\/as dispondr\u00e1n&#46;&#46;&#46;<\/p>\n","protected":false},"author":1,"featured_media":1147,"comment_status":"closed","ping_status":"closed","sticky":false,"template":"","format":"standard","meta":{"_price":"","_stock":"","_tribe_ticket_header":"","_tribe_default_ticket_provider":"","_tribe_ticket_capacity":"","_ticket_start_date":"","_ticket_end_date":"","_tribe_ticket_show_description":"","_tribe_ticket_show_not_going":false,"_tribe_ticket_use_global_stock":"","_tribe_ticket_global_stock_level":"","_global_stock_mode":"","_global_stock_cap":"","_tribe_rsvp_for_event":"","_tribe_ticket_going_count":"","_tribe_ticket_not_going_count":"","_tribe_tickets_list":"[]","_tribe_ticket_has_attendee_info_fields":false,"_kadence_starter_templates_imported_post":false,"footnotes":""},"categories":[10,5],"tags":[],"class_list":["post-1146","post","type-post","status-publish","format-standard","has-post-thumbnail","hentry","category-escolar","category-movilidad"],"gutentor_comment":0,"featured_image_src":"https:\/\/maralboran.eu\/europa\/wp-content\/uploads\/sites\/19\/2024\/09\/Diseno-sin-titulo-600x400.png","featured_image_src_square":"https:\/\/maralboran.eu\/europa\/wp-content\/uploads\/sites\/19\/2024\/09\/Diseno-sin-titulo-600x500.png","author_info":{"display_name":"administrador","author_link":"https:\/\/maralboran.eu\/europa\/author\/administrador\/"},"_links":{"self":[{"href":"https:\/\/maralboran.eu\/europa\/wp-json\/wp\/v2\/posts\/1146","targetHints":{"allow":["GET"]}}],"collection":[{"href":"https:\/\/maralboran.eu\/europa\/wp-json\/wp\/v2\/posts"}],"about":[{"href":"https:\/\/maralboran.eu\/europa\/wp-json\/wp\/v2\/types\/post"}],"author":[{"embeddable":true,"href":"https:\/\/maralboran.eu\/europa\/wp-json\/wp\/v2\/users\/1"}],"replies":[{"embeddable":true,"href":"https:\/\/maralboran.eu\/europa\/wp-json\/wp\/v2\/comments?post=1146"}],"version-history":[{"count":0,"href":"https:\/\/maralboran.eu\/europa\/wp-json\/wp\/v2\/posts\/1146\/revisions"}],"wp:featuredmedia":[{"embeddable":true,"href":"https:\/\/maralboran.eu\/europa\/wp-json\/wp\/v2\/media\/1147"}],"wp:attachment":[{"href":"https:\/\/maralboran.eu\/europa\/wp-json\/wp\/v2\/media?parent=1146"}],"wp:term":[{"taxonomy":"category","embeddable":true,"href":"https:\/\/maralboran.eu\/europa\/wp-json\/wp\/v2\/categories?post=1146"},{"taxonomy":"post_tag","embeddable":true,"href":"https:\/\/maralboran.eu\/europa\/wp-json\/wp\/v2\/tags?post=1146"}],"curies":[{"name":"wp","href":"https:\/\/api.w.org\/{rel}","templated":true}]}}