{"id":1141,"date":"2024-06-14T08:15:00","date_gmt":"2024-06-14T08:15:00","guid":{"rendered":"https:\/\/maralboran.eu\/europa\/?p=1141"},"modified":"2024-10-01T08:47:40","modified_gmt":"2024-10-01T08:47:40","slug":"abierto-el-plazo-de-seleccion-para-programas-erasmus-curso-2024-25","status":"publish","type":"post","link":"https:\/\/maralboran.eu\/europa\/2024\/06\/14\/abierto-el-plazo-de-seleccion-para-programas-erasmus-curso-2024-25\/","title":{"rendered":"Abierto el plazo de selecci\u00f3n para programas Erasmus+ curso 2024-25"},"content":{"rendered":"\n\n\n<div id=\"section-g7bbcd9\" class=\"wp-block-gutentor-e6 section-g7bbcd9 gutentor-element gutentor-element-image\">\n<div class=\"gutentor-element-image-box\">\n<div class=\"gutentor-image-thumb\"><img decoding=\"async\" class=\"normal-image\" src=\"https:\/\/maralboran.eu\/wp-content\/uploads\/2024\/06\/Diseno-sin-titulo-4.png\" \/><\/div>\n<\/div>\n<\/div>\n<blockquote><hr \/>\n<p><strong>Est\u00e1 abierto el plazo de selecci\u00f3n para participar en los programas Erasmus+ para ESO y Bachillerato curso 2024-25<\/strong><\/p>\n<p><strong>Desde el 14-06 al 21-06<\/strong><\/p>\n<\/blockquote>\n<p>Si est\u00e1s interesado\/a en participar en algunas de las movilidades ofertadas para 3\u00baESO, 4\u00baESO y 1\u00ba BACHILLERATO mira la\u00a0<a href=\"https:\/\/maralboran.eu\/archivos\/noticias%202324\/OFERTA-MOVILIDADES-ESCOLARES-24-25.pdf\"><strong>presentaci\u00f3n<\/strong><\/a>, encuentra el enlace al formulario de inscripci\u00f3n y rell\u00e9nalo.<\/p>\n<p>Recuerda que ofertamos movilidades largas, 6 semanas de duraci\u00f3n, y movilidades cortas, 1 semana de duraci\u00f3n, en 5 pa\u00edses distintos. Adem\u00e1s, puedes acoger a alumnado Erasmus+ de nuestros pa\u00edses socios y ayudarnos en las diferentes actividades que iremos realizando a lo largo del pr\u00f3ximo curso.\u00a0<\/p>\n<p>Si tienes dudas o quieres ampliar informaci\u00f3n nos encontrar\u00e9is, el lunes 17\/06\/2024 y el martes 18\/06\/2024, en el Espacio Erasmus+ que se encuentra en la primera planta del M\u00f3dulo 1 y siempre en nuestras redes sociales, @erasmusalboran.<\/p>\n<p>\u00a1An\u00edmate y participa!<\/p>\n<ul>\n<li><a href=\"https:\/\/maralboran.eu\/archivos\/noticias%202324\/OFERTA-MOVILIDADES-ESCOLARES-24-25.pdf\"><strong>Presentaci\u00f3n PDF<\/strong><\/a><\/li>\n<\/ul>\n<p>\u00a0<\/p>\n<p>Maria Carmen Franc\u00e9s Monta\u00f1\u00e9s\u00a0<\/p>\n<p>Coordinadora de los Programas Erasmus+<\/p>\n","protected":false},"excerpt":{"rendered":"<p>Est\u00e1 abierto el plazo de selecci\u00f3n para participar en los programas Erasmus+ para ESO y Bachillerato curso 2024-25 Desde el 14-06 al 21-06 Si est\u00e1s interesado\/a en participar en algunas&#46;&#46;&#46;<\/p>\n","protected":false},"author":1,"featured_media":1142,"comment_status":"closed","ping_status":"closed","sticky":false,"template":"","format":"standard","meta":{"_price":"","_stock":"","_tribe_ticket_header":"","_tribe_default_ticket_provider":"","_tribe_ticket_capacity":"","_ticket_start_date":"","_ticket_end_date":"","_tribe_ticket_show_description":"","_tribe_ticket_show_not_going":false,"_tribe_ticket_use_global_stock":"","_tribe_ticket_global_stock_level":"","_global_stock_mode":"","_global_stock_cap":"","_tribe_rsvp_for_event":"","_tribe_ticket_going_count":"","_tribe_ticket_not_going_count":"","_tribe_tickets_list":"[]","_tribe_ticket_has_attendee_info_fields":false,"_kadence_starter_templates_imported_post":false,"footnotes":""},"categories":[10,5],"tags":[],"class_list":["post-1141","post","type-post","status-publish","format-standard","has-post-thumbnail","hentry","category-escolar","category-movilidad"],"gutentor_comment":0,"featured_image_src":"https:\/\/maralboran.eu\/europa\/wp-content\/uploads\/sites\/19\/2024\/06\/Diseno-sin-titulo-600x400.png","featured_image_src_square":"https:\/\/maralboran.eu\/europa\/wp-content\/uploads\/sites\/19\/2024\/06\/Diseno-sin-titulo-600x500.png","author_info":{"display_name":"administrador","author_link":"https:\/\/maralboran.eu\/europa\/author\/administrador\/"},"_links":{"self":[{"href":"https:\/\/maralboran.eu\/europa\/wp-json\/wp\/v2\/posts\/1141","targetHints":{"allow":["GET"]}}],"collection":[{"href":"https:\/\/maralboran.eu\/europa\/wp-json\/wp\/v2\/posts"}],"about":[{"href":"https:\/\/maralboran.eu\/europa\/wp-json\/wp\/v2\/types\/post"}],"author":[{"embeddable":true,"href":"https:\/\/maralboran.eu\/europa\/wp-json\/wp\/v2\/users\/1"}],"replies":[{"embeddable":true,"href":"https:\/\/maralboran.eu\/europa\/wp-json\/wp\/v2\/comments?post=1141"}],"version-history":[{"count":1,"href":"https:\/\/maralboran.eu\/europa\/wp-json\/wp\/v2\/posts\/1141\/revisions"}],"predecessor-version":[{"id":1144,"href":"https:\/\/maralboran.eu\/europa\/wp-json\/wp\/v2\/posts\/1141\/revisions\/1144"}],"wp:featuredmedia":[{"embeddable":true,"href":"https:\/\/maralboran.eu\/europa\/wp-json\/wp\/v2\/media\/1142"}],"wp:attachment":[{"href":"https:\/\/maralboran.eu\/europa\/wp-json\/wp\/v2\/media?parent=1141"}],"wp:term":[{"taxonomy":"category","embeddable":true,"href":"https:\/\/maralboran.eu\/europa\/wp-json\/wp\/v2\/categories?post=1141"},{"taxonomy":"post_tag","embeddable":true,"href":"https:\/\/maralboran.eu\/europa\/wp-json\/wp\/v2\/tags?post=1141"}],"curies":[{"name":"wp","href":"https:\/\/api.w.org\/{rel}","templated":true}]}}