{"id":1137,"date":"2024-02-17T10:56:00","date_gmt":"2024-02-17T10:56:00","guid":{"rendered":"https:\/\/maralboran.eu\/europa\/?p=1137"},"modified":"2024-05-27T10:59:26","modified_gmt":"2024-05-27T10:59:26","slug":"movilidades-larga-estancia-gorey-irlanda-y-pardeno-dugnano-italia","status":"publish","type":"post","link":"https:\/\/maralboran.eu\/europa\/2024\/02\/17\/movilidades-larga-estancia-gorey-irlanda-y-pardeno-dugnano-italia\/","title":{"rendered":"Movilidades larga estancia. Gorey (Irlanda) y Pardeno-Dugnano (Italia)"},"content":{"rendered":"\n\n\n<div id=\"section-gf14c84\" class=\"wp-block-gutentor-e6 section-gf14c84 gutentor-element gutentor-element-image\">\n<div class=\"gutentor-element-image-box\">\n<div class=\"gutentor-image-thumb\"><img decoding=\"async\" class=\"normal-image\" src=\"https:\/\/maralboran.eu\/wp-content\/uploads\/2024\/05\/Erasmus-escolar-3.png\" \/><\/div>\n<\/div>\n<\/div>\n<hr \/>\n<p>Durante este curso 2023\/2024, gracias a la Beca Erasmus+ y a la coordinadora de la movilidad Marta Jim\u00e9nez L\u00f3pez, se han llevado a cabo dos movilidades de larga estancia en el extranjero.<\/p>\n<p>Tres alumnos (dos chicas y un chico) de 4\u00ba de ESO han estado viviendo la experiencia de estudiar en Irlanda durante cuatro semanas, desde el 10 de octubre al 14 de noviembre, en el Creagh College de Gorey. Durante este tiempo han podido conocer c\u00f3mo es el Transition Year (TY) en un pa\u00eds europeo, han tenido la oportunidad de estudiar asignaturas distintas a las que cursan en Espa\u00f1a, como Madera, Ingenier\u00eda, Junk, (Dise\u00f1o para desfile de moda con material reciclado), Bienestar, Pol\u00edtica y Sociolog\u00eda, Producci\u00f3n de Pel\u00edculas y Televisi\u00f3n , estudiar otros idiomas como, Ga\u00e9lico, Japon\u00e9s,\u2026 Adem\u00e1s de esta experiencia en el instituto, han podido conocer c\u00f3mo es la cultura, la comida y las tradiciones del pueblo Irland\u00e9s, al tiempo que han visitado ciudades como Dubl\u00edn, Kilkenny, Galway, Cork, los acantilados de Moher, y muchas rutas por los bosques de las hadas celtas.<\/p>\n<p>Por otro lado, dos alumnas de 1\u00ba de Bachillerato, han podido continuar con su formaci\u00f3n en un instituto de Italia, el ITT. C.E. Gadda, de Paderno-Dugnano, Mil\u00e1n, desde el 10 de enero al 17 de febrero. Ellas han estado en un instituto especialista en Humanidades, han asistido a clases de 4 idiomas: Espa\u00f1ol, Italiano, Ingl\u00e9s, Franc\u00e9s y Alem\u00e1n, adem\u00e1s de Dise\u00f1o Gr\u00e1fico, Historia, Literatura,\u2026\u00a0 Tambi\u00e9n han convivido con familias, cuyas hijas estudian espa\u00f1ol. No solo han ido a clases sino que han tenido la oportunidad de conocer ciudades de ensue\u00f1o cercanas a su casa, como Venecia, B\u00e9rgamo, Mil\u00e1n, el elitista Lago de Como, esquiar en Los Alpes.<\/p>\n<p>En ambas movilidades, la experiencia de estas chicas y un chico ha sido fundamental para su crecimiento personal y acad\u00e9mico. No hay mayor satisfacci\u00f3n para el ser humano que el sentirse independiente y responsable de todas sus acciones. Ser aut\u00f3nomo es una de las muchas cualidades que vas a alcanzar si participas en esta movilidad. \u00bfTe animas?<\/p>\n<p><a href=\"https:\/\/www.maralboran.eu\/imagevuex3\/Cursos\/2023-2024\/Gorey-Irlanda-Pardeno-Dugnano-Italia\/\" target=\"_blank\" rel=\"noopener\"><img loading=\"lazy\" decoding=\"async\" class=\"alignnone wp-image-9510 size-full\" src=\"https:\/\/maralboran.eu\/wp-content\/uploads\/2022\/11\/GALERIA-removebg-preview-e1669109319953.png\" sizes=\"auto, (max-width: 100px) 100vw, 100px\" srcset=\"https:\/\/maralboran.eu\/wp-content\/uploads\/2022\/11\/GALERIA-removebg-preview-e1669109319953.png 100w, https:\/\/maralboran.eu\/wp-content\/uploads\/2022\/11\/GALERIA-removebg-preview-e1669109319953-80x80.png 80w\" alt=\"\" width=\"100\" height=\"100\" \/><\/a><\/p>\n","protected":false},"excerpt":{"rendered":"<p>Durante este curso 2023\/2024, gracias a la Beca Erasmus+ y a la coordinadora de la movilidad Marta Jim\u00e9nez L\u00f3pez, se han llevado a cabo dos movilidades de larga estancia en&#46;&#46;&#46;<\/p>\n","protected":false},"author":1,"featured_media":1138,"comment_status":"closed","ping_status":"closed","sticky":false,"template":"","format":"standard","meta":{"_price":"","_stock":"","_tribe_ticket_header":"","_tribe_default_ticket_provider":"","_tribe_ticket_capacity":"","_ticket_start_date":"","_ticket_end_date":"","_tribe_ticket_show_description":"","_tribe_ticket_show_not_going":false,"_tribe_ticket_use_global_stock":"","_tribe_ticket_global_stock_level":"","_global_stock_mode":"","_global_stock_cap":"","_tribe_rsvp_for_event":"","_tribe_ticket_going_count":"","_tribe_ticket_not_going_count":"","_tribe_tickets_list":"[]","_tribe_ticket_has_attendee_info_fields":false,"_kadence_starter_templates_imported_post":false,"footnotes":""},"categories":[10,5],"tags":[],"class_list":["post-1137","post","type-post","status-publish","format-standard","has-post-thumbnail","hentry","category-escolar","category-movilidad"],"gutentor_comment":0,"featured_image_src":"https:\/\/maralboran.eu\/europa\/wp-content\/uploads\/sites\/19\/2024\/05\/Erasmus-escolar-3-600x400.png","featured_image_src_square":"https:\/\/maralboran.eu\/europa\/wp-content\/uploads\/sites\/19\/2024\/05\/Erasmus-escolar-3-600x500.png","author_info":{"display_name":"administrador","author_link":"https:\/\/maralboran.eu\/europa\/author\/administrador\/"},"_links":{"self":[{"href":"https:\/\/maralboran.eu\/europa\/wp-json\/wp\/v2\/posts\/1137","targetHints":{"allow":["GET"]}}],"collection":[{"href":"https:\/\/maralboran.eu\/europa\/wp-json\/wp\/v2\/posts"}],"about":[{"href":"https:\/\/maralboran.eu\/europa\/wp-json\/wp\/v2\/types\/post"}],"author":[{"embeddable":true,"href":"https:\/\/maralboran.eu\/europa\/wp-json\/wp\/v2\/users\/1"}],"replies":[{"embeddable":true,"href":"https:\/\/maralboran.eu\/europa\/wp-json\/wp\/v2\/comments?post=1137"}],"version-history":[{"count":0,"href":"https:\/\/maralboran.eu\/europa\/wp-json\/wp\/v2\/posts\/1137\/revisions"}],"wp:featuredmedia":[{"embeddable":true,"href":"https:\/\/maralboran.eu\/europa\/wp-json\/wp\/v2\/media\/1138"}],"wp:attachment":[{"href":"https:\/\/maralboran.eu\/europa\/wp-json\/wp\/v2\/media?parent=1137"}],"wp:term":[{"taxonomy":"category","embeddable":true,"href":"https:\/\/maralboran.eu\/europa\/wp-json\/wp\/v2\/categories?post=1137"},{"taxonomy":"post_tag","embeddable":true,"href":"https:\/\/maralboran.eu\/europa\/wp-json\/wp\/v2\/tags?post=1137"}],"curies":[{"name":"wp","href":"https:\/\/api.w.org\/{rel}","templated":true}]}}