{"id":1134,"date":"2024-04-22T08:11:00","date_gmt":"2024-04-22T08:11:00","guid":{"rendered":"https:\/\/maralboran.eu\/europa\/?p=1134"},"modified":"2024-05-24T08:16:03","modified_gmt":"2024-05-24T08:16:03","slug":"movilidad-escolar-a-gorey-irlanda","status":"publish","type":"post","link":"https:\/\/maralboran.eu\/europa\/2024\/04\/22\/movilidad-escolar-a-gorey-irlanda\/","title":{"rendered":"Movilidad escolar a Gorey (Irlanda)"},"content":{"rendered":"\n\n\n<div id=\"section-g926bbf\" class=\"wp-block-gutentor-e6 section-g926bbf gutentor-element gutentor-element-image\">\n<div class=\"gutentor-element-image-box\">\n<div class=\"gutentor-image-thumb\"><img decoding=\"async\" class=\"normal-image\" src=\"https:\/\/maralboran.eu\/wp-content\/uploads\/2024\/05\/Erasmus-escolar-1-1.png\" \/><\/div>\n<\/div>\n<\/div>\n<hr \/>\n<p><b><\/b>Durante la semana del 8 al 12 de abril, 20 alumnos y alumnas de 3\u00ba ESO pudieron disfrutar de una movilidad escolar dentro del proyecto Erasmus+ a Gorey, Irlanda. Se alojaron con las familias locales del alumnado que anteriormente hab\u00eda visitado nuestro centro durante el mes de marzo.\u00a0<\/p>\n<p>Esta movilidad est\u00e1 dentro de un proyecto con el que se pretende que el alumnado mejore sus destrezas ling\u00fc\u00edsticas en lengua inglesa y ponga en pr\u00e1ctica los conocimientos impartidos en el aula con distintas situaciones de la vida real.\u00a0<\/p>\n<p>Durante la estancia, el alumnado conoci\u00f3 de primera mano la cultura irlandesa visitando lugares emblem\u00e1ticos como Glendalough o Dubl\u00edn. El alumnado hizo una ruta de senderismo en plena naturaleza y visitaron ruinas vikingas en el parque natural de Glendalough. En Dubl\u00edn, realizaron una ruta tur\u00edstica por el centro de la ciudad, visitaron el museo Dublinia y disfrutaron de una comida t\u00edpica, fish and chips.\u00a0<\/p>\n<p>Adem\u00e1s, asistieron a clases de diferentes materias como geograf\u00eda, ga\u00e9lico, cocina, arte, introducci\u00f3n al chino y deporte entre otras en el instituto Creagh College junto a sus compa\u00f1eros\/as irlandeses.\u00a0<\/p>\n<p>\u00a0<\/p>\n<div class=\"video-container\"><iframe loading=\"lazy\" title=\"Erasmus+ Movilidad escolar a Gorey (Irlanda)\" src=\"https:\/\/www.youtube.com\/embed\/kj6vbisjEh8?feature=oembed&amp;wmode=opaque\" width=\"500\" height=\"281\" frameborder=\"0\" allowfullscreen=\"allowfullscreen\" data-mce-fragment=\"1\"><\/iframe><\/div>\n","protected":false},"excerpt":{"rendered":"<p>Durante la semana del 8 al 12 de abril, 20 alumnos y alumnas de 3\u00ba ESO pudieron disfrutar de una movilidad escolar dentro del proyecto Erasmus+ a Gorey, Irlanda. Se&#46;&#46;&#46;<\/p>\n","protected":false},"author":1,"featured_media":1135,"comment_status":"closed","ping_status":"closed","sticky":false,"template":"","format":"standard","meta":{"_price":"","_stock":"","_tribe_ticket_header":"","_tribe_default_ticket_provider":"","_tribe_ticket_capacity":"","_ticket_start_date":"","_ticket_end_date":"","_tribe_ticket_show_description":"","_tribe_ticket_show_not_going":false,"_tribe_ticket_use_global_stock":"","_tribe_ticket_global_stock_level":"","_global_stock_mode":"","_global_stock_cap":"","_tribe_rsvp_for_event":"","_tribe_ticket_going_count":"","_tribe_ticket_not_going_count":"","_tribe_tickets_list":"[]","_tribe_ticket_has_attendee_info_fields":false,"_kadence_starter_templates_imported_post":false,"footnotes":""},"categories":[10,5],"tags":[],"class_list":["post-1134","post","type-post","status-publish","format-standard","has-post-thumbnail","hentry","category-escolar","category-movilidad"],"gutentor_comment":0,"featured_image_src":"https:\/\/maralboran.eu\/europa\/wp-content\/uploads\/sites\/19\/2024\/05\/Erasmus-escolar-2-600x400.png","featured_image_src_square":"https:\/\/maralboran.eu\/europa\/wp-content\/uploads\/sites\/19\/2024\/05\/Erasmus-escolar-2-600x500.png","author_info":{"display_name":"administrador","author_link":"https:\/\/maralboran.eu\/europa\/author\/administrador\/"},"_links":{"self":[{"href":"https:\/\/maralboran.eu\/europa\/wp-json\/wp\/v2\/posts\/1134","targetHints":{"allow":["GET"]}}],"collection":[{"href":"https:\/\/maralboran.eu\/europa\/wp-json\/wp\/v2\/posts"}],"about":[{"href":"https:\/\/maralboran.eu\/europa\/wp-json\/wp\/v2\/types\/post"}],"author":[{"embeddable":true,"href":"https:\/\/maralboran.eu\/europa\/wp-json\/wp\/v2\/users\/1"}],"replies":[{"embeddable":true,"href":"https:\/\/maralboran.eu\/europa\/wp-json\/wp\/v2\/comments?post=1134"}],"version-history":[{"count":0,"href":"https:\/\/maralboran.eu\/europa\/wp-json\/wp\/v2\/posts\/1134\/revisions"}],"wp:featuredmedia":[{"embeddable":true,"href":"https:\/\/maralboran.eu\/europa\/wp-json\/wp\/v2\/media\/1135"}],"wp:attachment":[{"href":"https:\/\/maralboran.eu\/europa\/wp-json\/wp\/v2\/media?parent=1134"}],"wp:term":[{"taxonomy":"category","embeddable":true,"href":"https:\/\/maralboran.eu\/europa\/wp-json\/wp\/v2\/categories?post=1134"},{"taxonomy":"post_tag","embeddable":true,"href":"https:\/\/maralboran.eu\/europa\/wp-json\/wp\/v2\/tags?post=1134"}],"curies":[{"name":"wp","href":"https:\/\/api.w.org\/{rel}","templated":true}]}}