{"id":1130,"date":"2024-05-06T07:51:03","date_gmt":"2024-05-06T07:51:03","guid":{"rendered":"https:\/\/maralboran.eu\/europa\/?p=1130"},"modified":"2024-05-24T07:56:35","modified_gmt":"2024-05-24T07:56:35","slug":"movilidad-escolar-corta-estancia-a-paderno-dugnano-italia","status":"publish","type":"post","link":"https:\/\/maralboran.eu\/europa\/2024\/05\/06\/movilidad-escolar-corta-estancia-a-paderno-dugnano-italia\/","title":{"rendered":"Movilidad escolar a Paderno-Dugnano (Italia)"},"content":{"rendered":"\n<div id=\"section-g39ad55\" class=\"wp-block-gutentor-e6 section-g39ad55 gutentor-element gutentor-element-image\">\n<div class=\"gutentor-element-image-box\">\n<div class=\"gutentor-image-thumb\"><img decoding=\"async\" class=\"normal-image\" src=\"https:\/\/maralboran.eu\/wp-content\/uploads\/2024\/05\/Erasmus-escolar-1.png\" \/><\/div>\n<\/div>\n<\/div>\n<hr \/>\n<blockquote>\n<p>Movilidad escolar corta estancia<\/p>\n<\/blockquote>\n<p>El pasado 4 de mayo parte de nuestro alumnado de 1\u00ba de bachillerato y algunos de 4\u00baESO partieron hacia Paderno-Dugnano (Mil\u00e1n) con motivo de cerrar la movilidad Erasmus+ que hab\u00edan comenzado en febrero del mismo a\u00f1o con sus compa\u00f1eros italianos.<\/p>\n<p>Durante la semana disfrutaron de diversas experiencias. Entre las que destacamos: cursos de italiano b\u00e1sico, asistencia a clases de literatura, ingl\u00e9s, educaci\u00f3n f\u00edsica, actividades relacionadas con la igualdad (tema principal de la movilidad), visita al centro de Mil\u00e1n (museo teatro Scala, Duomo, Sforza, Navigli\u2026) sin olvidar la convivencia con sus familias italianas donde han aprendido costumbres locales y han podido saborear su rica gastronom\u00eda.<\/p>\n<p>Sin duda una semana que jam\u00e1s olvidar\u00e1n y formar\u00e1 parte de su crecimiento personal<\/p>\n<div id=\"section-g1ad1fa\" class=\"wp-block-gutentor-e6 section-g1ad1fa gutentor-element gutentor-element-image\">\n<div class=\"gutentor-element-image-box\">\n<div class=\"gutentor-image-thumb\"><img decoding=\"async\" class=\"normal-image\" src=\"https:\/\/maralboran.eu\/wp-content\/uploads\/2024\/05\/IMG_0151-scaled.jpg\" \/><\/div>\n<\/div>\n<\/div>\n","protected":false},"excerpt":{"rendered":"<p>Movilidad escolar corta estancia El pasado 4 de mayo parte de nuestro alumnado de 1\u00ba de bachillerato y algunos de 4\u00baESO partieron hacia Paderno-Dugnano (Mil\u00e1n) con motivo de cerrar la&#46;&#46;&#46;<\/p>\n","protected":false},"author":1,"featured_media":1131,"comment_status":"closed","ping_status":"closed","sticky":false,"template":"","format":"standard","meta":{"_price":"","_stock":"","_tribe_ticket_header":"","_tribe_default_ticket_provider":"","_tribe_ticket_capacity":"","_ticket_start_date":"","_ticket_end_date":"","_tribe_ticket_show_description":"","_tribe_ticket_show_not_going":false,"_tribe_ticket_use_global_stock":"","_tribe_ticket_global_stock_level":"","_global_stock_mode":"","_global_stock_cap":"","_tribe_rsvp_for_event":"","_tribe_ticket_going_count":"","_tribe_ticket_not_going_count":"","_tribe_tickets_list":"[]","_tribe_ticket_has_attendee_info_fields":false,"_kadence_starter_templates_imported_post":false,"footnotes":""},"categories":[10,5],"tags":[],"class_list":["post-1130","post","type-post","status-publish","format-standard","has-post-thumbnail","hentry","category-escolar","category-movilidad"],"gutentor_comment":0,"featured_image_src":"https:\/\/maralboran.eu\/europa\/wp-content\/uploads\/sites\/19\/2024\/05\/Erasmus-escolar-1-600x400.png","featured_image_src_square":"https:\/\/maralboran.eu\/europa\/wp-content\/uploads\/sites\/19\/2024\/05\/Erasmus-escolar-1-600x500.png","author_info":{"display_name":"administrador","author_link":"https:\/\/maralboran.eu\/europa\/author\/administrador\/"},"_links":{"self":[{"href":"https:\/\/maralboran.eu\/europa\/wp-json\/wp\/v2\/posts\/1130","targetHints":{"allow":["GET"]}}],"collection":[{"href":"https:\/\/maralboran.eu\/europa\/wp-json\/wp\/v2\/posts"}],"about":[{"href":"https:\/\/maralboran.eu\/europa\/wp-json\/wp\/v2\/types\/post"}],"author":[{"embeddable":true,"href":"https:\/\/maralboran.eu\/europa\/wp-json\/wp\/v2\/users\/1"}],"replies":[{"embeddable":true,"href":"https:\/\/maralboran.eu\/europa\/wp-json\/wp\/v2\/comments?post=1130"}],"version-history":[{"count":0,"href":"https:\/\/maralboran.eu\/europa\/wp-json\/wp\/v2\/posts\/1130\/revisions"}],"wp:featuredmedia":[{"embeddable":true,"href":"https:\/\/maralboran.eu\/europa\/wp-json\/wp\/v2\/media\/1131"}],"wp:attachment":[{"href":"https:\/\/maralboran.eu\/europa\/wp-json\/wp\/v2\/media?parent=1130"}],"wp:term":[{"taxonomy":"category","embeddable":true,"href":"https:\/\/maralboran.eu\/europa\/wp-json\/wp\/v2\/categories?post=1130"},{"taxonomy":"post_tag","embeddable":true,"href":"https:\/\/maralboran.eu\/europa\/wp-json\/wp\/v2\/tags?post=1130"}],"curies":[{"name":"wp","href":"https:\/\/api.w.org\/{rel}","templated":true}]}}