{"id":1125,"date":"2024-04-15T09:55:00","date_gmt":"2024-04-15T09:55:00","guid":{"rendered":"https:\/\/maralboran.eu\/europa\/?p=1125"},"modified":"2026-02-10T13:57:15","modified_gmt":"2026-02-10T13:57:15","slug":"jobshadowing-a-gorey-irlanda","status":"publish","type":"post","link":"https:\/\/maralboran.eu\/europa\/2024\/04\/15\/jobshadowing-a-gorey-irlanda\/","title":{"rendered":"Jobshadowing a Gorey (Irlanda)"},"content":{"rendered":"\n<p><div class=\"video-container\"><iframe loading=\"lazy\" title=\"Jobshadowing a Gorey (Irlanda)\" width=\"500\" height=\"281\" src=\"https:\/\/www.youtube.com\/embed\/g5hNap7vfUQ?feature=oembed&#038;wmode=opaque\" frameborder=\"0\" allow=\"accelerometer; autoplay; clipboard-write; encrypted-media; gyroscope; picture-in-picture; web-share\" referrerpolicy=\"strict-origin-when-cross-origin\" allowfullscreen><\/iframe><\/div><\/p>\n\n\n\n<blockquote>\n<p><span style=\"font-weight: 400;\">Irene Gonz\u00e1lez Fern\u00e1ndez, profesora de ingl\u00e9s<\/span><\/p>\n<\/blockquote>\n<p><span style=\"font-weight: 400;\">Durante la semana del pasado 8 al 14 de abril, Irene Gonz\u00e1lez Fern\u00e1ndez, profesora del Departamento de ingl\u00e9s, ha tenido la gran oportunidad de ir a Creagh College, Gorey (Irlanda) como profesora dentro del programa de <\/span><i><span style=\"font-weight: 400;\">Jobshadowing<\/span><\/i><span style=\"font-weight: 400;\">.\u00a0<\/span><\/p>\n<p><span style=\"font-weight: 400;\">En esta semana ha asistido a clases de distintos cursos impartidas por distintos profesores, como Pol\u00edtica y Sociedad, Geograf\u00eda, Matem\u00e1ticas e Ingl\u00e9s (5\u00ba curso \/1\u00ba Bach), Geograf\u00eda, Econom\u00eda Dom\u00e9stica y Arte (<\/span><i><span style=\"font-weight: 400;\">Transition Year\/<\/span><\/i><span style=\"font-weight: 400;\">4\u00ba), Franc\u00e9s, Ingl\u00e9s y Cultura (3\u00ba), M\u00fasica y Franc\u00e9s (1\u00ba) e incluso al Aula Espec\u00edfica.<\/span><\/p>\n<p><span style=\"font-weight: 400;\">Adem\u00e1s, ha organizado y participado activamente en una visita al parque de Glendalough, dentro del Parque Nacional de las Monta\u00f1as de Wicklow y otra a la capital irlandesa, Dubl\u00edn.<\/span><\/p>\n<p><span style=\"font-weight: 400;\">Para nuestra profesora \u201cha sido una semana llena de momentos enriquecedores e inolvidables\u201d que repercutir\u00e1n positivamente en sus clases.<\/span><\/p>\n<ul>\n<li><strong><a href=\"http:\/\/maralboran.eu\/archivos\/noticias%202324\/Irlanda_jobshadowing.pdf\">PDF Jobshadowing a Gorey (Irlanda)<\/a><\/strong><\/li>\n<\/ul>\n\n\n","protected":false},"excerpt":{"rendered":"<p>Irene Gonz\u00e1lez Fern\u00e1ndez, profesora de ingl\u00e9s Durante la semana del pasado 8 al 14 de abril, Irene Gonz\u00e1lez Fern\u00e1ndez, profesora del Departamento de ingl\u00e9s, ha tenido la gran oportunidad de&#46;&#46;&#46;<\/p>\n","protected":false},"author":1,"featured_media":1127,"comment_status":"closed","ping_status":"closed","sticky":false,"template":"","format":"standard","meta":{"_price":"","_stock":"","_tribe_ticket_header":"","_tribe_default_ticket_provider":"","_tribe_ticket_capacity":"","_ticket_start_date":"","_ticket_end_date":"","_tribe_ticket_show_description":"","_tribe_ticket_show_not_going":false,"_tribe_ticket_use_global_stock":"","_tribe_ticket_global_stock_level":"","_global_stock_mode":"","_global_stock_cap":"","_tribe_rsvp_for_event":"","_tribe_ticket_going_count":"","_tribe_ticket_not_going_count":"","_tribe_tickets_list":"[]","_tribe_ticket_has_attendee_info_fields":false,"_kadence_starter_templates_imported_post":false,"footnotes":""},"categories":[10,5],"tags":[],"class_list":["post-1125","post","type-post","status-publish","format-standard","has-post-thumbnail","hentry","category-escolar","category-movilidad"],"gutentor_comment":0,"featured_image_src":"https:\/\/maralboran.eu\/europa\/wp-content\/uploads\/sites\/19\/2024\/05\/Erasmus-escolar-600x400.png","featured_image_src_square":"https:\/\/maralboran.eu\/europa\/wp-content\/uploads\/sites\/19\/2024\/05\/Erasmus-escolar-600x500.png","author_info":{"display_name":"administrador","author_link":"https:\/\/maralboran.eu\/europa\/author\/administrador\/"},"_links":{"self":[{"href":"https:\/\/maralboran.eu\/europa\/wp-json\/wp\/v2\/posts\/1125","targetHints":{"allow":["GET"]}}],"collection":[{"href":"https:\/\/maralboran.eu\/europa\/wp-json\/wp\/v2\/posts"}],"about":[{"href":"https:\/\/maralboran.eu\/europa\/wp-json\/wp\/v2\/types\/post"}],"author":[{"embeddable":true,"href":"https:\/\/maralboran.eu\/europa\/wp-json\/wp\/v2\/users\/1"}],"replies":[{"embeddable":true,"href":"https:\/\/maralboran.eu\/europa\/wp-json\/wp\/v2\/comments?post=1125"}],"version-history":[{"count":0,"href":"https:\/\/maralboran.eu\/europa\/wp-json\/wp\/v2\/posts\/1125\/revisions"}],"wp:featuredmedia":[{"embeddable":true,"href":"https:\/\/maralboran.eu\/europa\/wp-json\/wp\/v2\/media\/1127"}],"wp:attachment":[{"href":"https:\/\/maralboran.eu\/europa\/wp-json\/wp\/v2\/media?parent=1125"}],"wp:term":[{"taxonomy":"category","embeddable":true,"href":"https:\/\/maralboran.eu\/europa\/wp-json\/wp\/v2\/categories?post=1125"},{"taxonomy":"post_tag","embeddable":true,"href":"https:\/\/maralboran.eu\/europa\/wp-json\/wp\/v2\/tags?post=1125"}],"curies":[{"name":"wp","href":"https:\/\/api.w.org\/{rel}","templated":true}]}}