{"id":1102,"date":"2024-04-30T06:50:34","date_gmt":"2024-04-30T06:50:34","guid":{"rendered":"https:\/\/maralboran.eu\/europa\/?p=1102"},"modified":"2024-05-22T10:00:19","modified_gmt":"2024-05-22T10:00:19","slug":"movilidad-escolar-a-eslovenia-2024","status":"publish","type":"post","link":"https:\/\/maralboran.eu\/europa\/2024\/04\/30\/movilidad-escolar-a-eslovenia-2024\/","title":{"rendered":"Movilidad Escolar a Eslovenia 2024"},"content":{"rendered":"\n\n\n<p><div class=\"video-container\"><iframe loading=\"lazy\" title=\"Movilidad Escolar a Celje, Eslovenia 2024.\" width=\"500\" height=\"281\" src=\"https:\/\/www.youtube.com\/embed\/DtVMDlO-hmY?feature=oembed&#038;wmode=opaque\" frameborder=\"0\" allow=\"accelerometer; autoplay; clipboard-write; encrypted-media; gyroscope; picture-in-picture; web-share\" referrerpolicy=\"strict-origin-when-cross-origin\" allowfullscreen><\/iframe><\/div><\/p>\n<hr \/>\n<p><span style=\"font-weight: 400;\">Gracias al programa Erasmus+, del 9 al 16 de Abril, 19 alumnos y alumnas del centro han podido viajar a Celje (Eslovenia). Este viaje forma parte del trabajo que se est\u00e1 desarrollando en esta movilidad consistente en conocer y dar a conocer el patrimonio de ambos pa\u00edses. Para ello, durante los recreos del primer y segundo trimestre nuestro alumnado ha estado trabajando para crear materiales did\u00e1cticos y formarse como gu\u00edas tur\u00edsticos del patrimonio, espa\u00f1ol, andaluz y esteponero, en todas sus dimensiones.\u00a0\u00a0<\/span><\/p>\n<p><span style=\"font-weight: 400;\">Durante el mes de octubre nuestro centro acogi\u00f3 a dos grupos escolares entrantes procedentes de Bulgaria y Eslovenia. Para ellos realizamos talleres y visitas guiadas por las ciudades de M\u00e1laga, Estepona, Tarifa y Baelo Claudia. Estas actividades fueron un reto, social, cultural y ling\u00fc\u00edstico, para nuestro alumnado.<\/span><\/p>\n<p><span style=\"font-weight: 400;\">Una vez que nuestros compa\u00f1eros partieron comenzamos a trabajar en las estrategias did\u00e1cticas que \u00edbamos a plantear en su centro educativo. El alumnado, con gran maestr\u00eda, elabor\u00f3 un c\u00f3mic, v\u00eddeos y una presentaci\u00f3n sobre nuestro patrimonio.<\/span><\/p>\n<ul>\n<li><strong>C\u00f3mic formato WEB<\/strong><\/li>\n<\/ul>\n\n\n\n<a href=\"https:\/\/www.flipbookpdf.net\/web\/site\/fdc0eaccc4a9d70aeae3d4482d3294091f0372d6202404.pdf.html\"><img decoding=\"async\" src=\"https:\/\/www.flipbookpdf.net\/web\/files\/flipbooks\/fdc0eaccc4a9d70aeae3d4482d3294091f0372d6202404.pdf\/1.jpg\" width=\"300px\"><\/a>\n\n\n\n\n\n<ul>\n<li><a href=\"http:\/\/maralboran.eu\/archivos\/noticias%202324\/comic-erasmus.pdf\"><strong>C\u00d3MIC formato PDF<\/strong><\/a><\/li>\n<\/ul>\n","protected":false},"excerpt":{"rendered":"<p>Gracias al programa Erasmus+, del 9 al 16 de Abril, 19 alumnos y alumnas del centro han podido viajar a Celje (Eslovenia). Este viaje forma parte del trabajo que se&#46;&#46;&#46;<\/p>\n","protected":false},"author":1,"featured_media":1106,"comment_status":"closed","ping_status":"closed","sticky":false,"template":"","format":"standard","meta":{"_price":"","_stock":"","_tribe_ticket_header":"","_tribe_default_ticket_provider":"","_tribe_ticket_capacity":"","_ticket_start_date":"","_ticket_end_date":"","_tribe_ticket_show_description":"","_tribe_ticket_show_not_going":false,"_tribe_ticket_use_global_stock":"","_tribe_ticket_global_stock_level":"","_global_stock_mode":"","_global_stock_cap":"","_tribe_rsvp_for_event":"","_tribe_ticket_going_count":"","_tribe_ticket_not_going_count":"","_tribe_tickets_list":"[]","_tribe_ticket_has_attendee_info_fields":false,"_kadence_starter_templates_imported_post":false,"footnotes":""},"categories":[10,5],"tags":[],"class_list":["post-1102","post","type-post","status-publish","format-standard","has-post-thumbnail","hentry","category-escolar","category-movilidad"],"gutentor_comment":0,"featured_image_src":"https:\/\/maralboran.eu\/europa\/wp-content\/uploads\/sites\/19\/2024\/05\/Diseno-sin-titulo-600x400.png","featured_image_src_square":"https:\/\/maralboran.eu\/europa\/wp-content\/uploads\/sites\/19\/2024\/05\/Diseno-sin-titulo-600x500.png","author_info":{"display_name":"administrador","author_link":"https:\/\/maralboran.eu\/europa\/author\/administrador\/"},"_links":{"self":[{"href":"https:\/\/maralboran.eu\/europa\/wp-json\/wp\/v2\/posts\/1102","targetHints":{"allow":["GET"]}}],"collection":[{"href":"https:\/\/maralboran.eu\/europa\/wp-json\/wp\/v2\/posts"}],"about":[{"href":"https:\/\/maralboran.eu\/europa\/wp-json\/wp\/v2\/types\/post"}],"author":[{"embeddable":true,"href":"https:\/\/maralboran.eu\/europa\/wp-json\/wp\/v2\/users\/1"}],"replies":[{"embeddable":true,"href":"https:\/\/maralboran.eu\/europa\/wp-json\/wp\/v2\/comments?post=1102"}],"version-history":[{"count":0,"href":"https:\/\/maralboran.eu\/europa\/wp-json\/wp\/v2\/posts\/1102\/revisions"}],"wp:featuredmedia":[{"embeddable":true,"href":"https:\/\/maralboran.eu\/europa\/wp-json\/wp\/v2\/media\/1106"}],"wp:attachment":[{"href":"https:\/\/maralboran.eu\/europa\/wp-json\/wp\/v2\/media?parent=1102"}],"wp:term":[{"taxonomy":"category","embeddable":true,"href":"https:\/\/maralboran.eu\/europa\/wp-json\/wp\/v2\/categories?post=1102"},{"taxonomy":"post_tag","embeddable":true,"href":"https:\/\/maralboran.eu\/europa\/wp-json\/wp\/v2\/tags?post=1102"}],"curies":[{"name":"wp","href":"https:\/\/api.w.org\/{rel}","templated":true}]}}