{"id":1097,"date":"2024-02-05T08:57:00","date_gmt":"2024-02-05T08:57:00","guid":{"rendered":"https:\/\/maralboran.eu\/europa\/?p=1097"},"modified":"2024-04-29T09:58:58","modified_gmt":"2024-04-29T09:58:58","slug":"job-shadowing-y-visita-preparatoria-en-euroschool-luxemburgo","status":"publish","type":"post","link":"https:\/\/maralboran.eu\/europa\/2024\/02\/05\/job-shadowing-y-visita-preparatoria-en-euroschool-luxemburgo\/","title":{"rendered":"Job shadowing y visita preparatoria en EUROSCHOOL, Luxemburgo"},"content":{"rendered":"\n\n\n<div id=\"section-g4b6737\" class=\"wp-block-gutentor-e6 section-g4b6737 gutentor-element gutentor-element-image\"><div class=\"gutentor-element-image-box\"><div class=\"gutentor-image-thumb\"><img decoding=\"async\" class=\"normal-image\" src=\"https:\/\/maralboran.eu\/europa\/wp-content\/uploads\/sites\/19\/2024\/04\/Diseno-sin-titulo-1-1.png\" \/><\/div><\/div><\/div>\n\n\n\n<blockquote><hr \/>\n<p><strong>Recientemente hemos tenido la oportunidad de conocer la<a href=\"https:\/\/www.euroschool.lu\/site\/fr\/accueil\/\"> Escuela Europea m\u00e1s veterana de la UE<\/a>. Se encuentra en LUXEMBURGO.<\/strong><\/p>\n<\/blockquote>\n<p><span style=\"font-weight: 400;\">Aqu\u00ed, la Coordinadora Erasmus y 2 profesores y jefes de departamento del \u00e1rea Cient\u00edfico tecnol\u00f3gica del IES Mar de Albor\u00e1n se han integrado en el incre\u00edble y multiling\u00fce sistema educativo de este centro educativo para ver c\u00f3mo se organiza, conocer su funcionamiento y principios b\u00e1sicos, as\u00ed como establecer v\u00ednculos de colaboraci\u00f3n futura.<\/span><\/p>\n<p><span style=\"font-weight: 400;\">Este primer contacto con la Escuela europea de Luxemburgo ha permitido un importante intercambio de informaci\u00f3n entre centros. <\/span><b>LINK <\/b><span style=\"font-weight: 400;\">\u00a0a la agenda de actividades durante esta visita.\u00a0<\/span><\/p>\n<p><img loading=\"lazy\" decoding=\"async\" class=\"alignnone wp-image-11676 size-full\" src=\"https:\/\/maralboran.eu\/wp-content\/uploads\/2024\/03\/Captura-de-pantalla-93.png\" alt=\"\" width=\"805\" height=\"367\" \/><\/p>\n<p><span style=\"font-weight: 400;\">Luxemburgo es un pa\u00eds pr\u00f3ximo a las distintas naciones que integran la Uni\u00f3n Europea, as\u00ed como centro de trabajo de un gran n\u00famero de empleados p\u00fablicos y privados. El objetivo principal de la Escuela Europea es la educaci\u00f3n de los hijos\/as de dichos empleados; desde la etapa infantil hasta el bachillerato, destacando el aprendizaje de los distintos idiomas que garantizan la comunicaci\u00f3n fluida en su entorno; \u00a0 al dominar varias lenguas, les permite establecer una peque\u00f1a sociedad intercultural de las distintas naciones europeas, donde se desarrolla una educaci\u00f3n pluriling\u00fce y multicultural.\u00a0<\/span><\/p>\n<p><span style=\"font-weight: 400;\">Esperamos que esta visita propicie buenas relaciones entre ambos centros en el futuro, y que sus alumnos puedan beneficiarse de esta oportunidad que ofrece el programa Erasmus+.\u00a0<\/span><\/p>\n<h6><a href=\"http:\/\/maralboran.eu\/archivos\/noticias%202324\/Agenda%20de%20viaje%20de%20Luxemburgo..pdf\"><strong>PDF: Agenda de Viaje Luxemburgo<\/strong><\/a><\/h6>\n","protected":false},"excerpt":{"rendered":"<p>Recientemente hemos tenido la oportunidad de conocer la Escuela Europea m\u00e1s veterana de la UE. Se encuentra en LUXEMBURGO. Aqu\u00ed, la Coordinadora Erasmus y 2 profesores y jefes de departamento&#46;&#46;&#46;<\/p>\n","protected":false},"author":1,"featured_media":1098,"comment_status":"closed","ping_status":"closed","sticky":false,"template":"","format":"standard","meta":{"_price":"","_stock":"","_tribe_ticket_header":"","_tribe_default_ticket_provider":"","_tribe_ticket_capacity":"","_ticket_start_date":"","_ticket_end_date":"","_tribe_ticket_show_description":"","_tribe_ticket_show_not_going":false,"_tribe_ticket_use_global_stock":"","_tribe_ticket_global_stock_level":"","_global_stock_mode":"","_global_stock_cap":"","_tribe_rsvp_for_event":"","_tribe_ticket_going_count":"","_tribe_ticket_not_going_count":"","_tribe_tickets_list":"[]","_tribe_ticket_has_attendee_info_fields":false,"_kadence_starter_templates_imported_post":false,"footnotes":""},"categories":[10,9,5],"tags":[],"class_list":["post-1097","post","type-post","status-publish","format-standard","has-post-thumbnail","hentry","category-escolar","category-fp","category-movilidad"],"gutentor_comment":0,"featured_image_src":"https:\/\/maralboran.eu\/europa\/wp-content\/uploads\/sites\/19\/2024\/04\/Diseno-sin-titulo-1-1-600x400.png","featured_image_src_square":"https:\/\/maralboran.eu\/europa\/wp-content\/uploads\/sites\/19\/2024\/04\/Diseno-sin-titulo-1-1-600x500.png","author_info":{"display_name":"administrador","author_link":"https:\/\/maralboran.eu\/europa\/author\/administrador\/"},"_links":{"self":[{"href":"https:\/\/maralboran.eu\/europa\/wp-json\/wp\/v2\/posts\/1097","targetHints":{"allow":["GET"]}}],"collection":[{"href":"https:\/\/maralboran.eu\/europa\/wp-json\/wp\/v2\/posts"}],"about":[{"href":"https:\/\/maralboran.eu\/europa\/wp-json\/wp\/v2\/types\/post"}],"author":[{"embeddable":true,"href":"https:\/\/maralboran.eu\/europa\/wp-json\/wp\/v2\/users\/1"}],"replies":[{"embeddable":true,"href":"https:\/\/maralboran.eu\/europa\/wp-json\/wp\/v2\/comments?post=1097"}],"version-history":[{"count":0,"href":"https:\/\/maralboran.eu\/europa\/wp-json\/wp\/v2\/posts\/1097\/revisions"}],"wp:featuredmedia":[{"embeddable":true,"href":"https:\/\/maralboran.eu\/europa\/wp-json\/wp\/v2\/media\/1098"}],"wp:attachment":[{"href":"https:\/\/maralboran.eu\/europa\/wp-json\/wp\/v2\/media?parent=1097"}],"wp:term":[{"taxonomy":"category","embeddable":true,"href":"https:\/\/maralboran.eu\/europa\/wp-json\/wp\/v2\/categories?post=1097"},{"taxonomy":"post_tag","embeddable":true,"href":"https:\/\/maralboran.eu\/europa\/wp-json\/wp\/v2\/tags?post=1097"}],"curies":[{"name":"wp","href":"https:\/\/api.w.org\/{rel}","templated":true}]}}