{"id":1084,"date":"2024-02-28T17:29:52","date_gmt":"2024-02-28T17:29:52","guid":{"rendered":"https:\/\/maralboran.eu\/europa\/?p=1084"},"modified":"2024-04-29T09:58:19","modified_gmt":"2024-04-29T09:58:19","slug":"jobshadowing-en-irlanda-de-profesorado-de-formacion-profesional","status":"publish","type":"post","link":"https:\/\/maralboran.eu\/europa\/2024\/02\/28\/jobshadowing-en-irlanda-de-profesorado-de-formacion-profesional\/","title":{"rendered":"Jobshadowing en Irlanda de profesorado de Formaci\u00f3n Profesional"},"content":{"rendered":"\n<p><div class=\"video-container\"><iframe loading=\"lazy\" title=\"Job shadowing Irlanda 2024\" width=\"500\" height=\"281\" src=\"https:\/\/www.youtube.com\/embed\/G5eDNWsTw98?feature=oembed&#038;wmode=opaque\" frameborder=\"0\" allow=\"accelerometer; autoplay; clipboard-write; encrypted-media; gyroscope; picture-in-picture; web-share\" referrerpolicy=\"strict-origin-when-cross-origin\" allowfullscreen><\/iframe><\/div><\/p>\n\n\n\n<hr \/>\n<p dir=\"ltr\">Durante el mes de febrero, las profesoras de FP <b>Teodora Gonz\u00e1lez Utrera<\/b>, del departamento de Administrativo y como colaboradora del Equipo Erasmus-FP y <b>Eva Tortosa S\u00e1nchez<\/b>, del departamento de Inform\u00e1tica y en calidad de coordinadora de \u00c1rea de FP, llevaron a cabo una movilidad Erasmus+ (Job Shadowing) con el objetivo de conocer en mayor profundidad y actualizar el tejido empresarial Erasmus en el condado de Wexford, afianzando las empresas que colaboran con nuestro centro e intentando captar nuevas empresas.<\/p>\n<p dir=\"ltr\">Durante esta movilidad se visitaron, de la mano de nuestros colaboradores irlandeses John O\u2019Connor <a href=\"https:\/\/mceg.ie\/\" target=\"_blank\" rel=\"noopener\" data-saferedirecturl=\"https:\/\/www.google.com\/url?q=https:\/\/mceg.ie\/&amp;source=gmail&amp;ust=1713200561246000&amp;usg=AOvVaw1RuVgs_PX_n6H4SBPKQUsn\">(The Model County Enterprise Group)<\/a> y Damian Donlon <a href=\"https:\/\/www.dulann.com\/\" target=\"_blank\" rel=\"noopener\" data-saferedirecturl=\"https:\/\/www.google.com\/url?q=https:\/\/www.dulann.com\/&amp;source=gmail&amp;ust=1713200561246000&amp;usg=AOvVaw1CXhLEOxpeQNGEZF2ynq5D\">(Dulann)<\/a>, tanto numerosas empresas donde nuestro alumnado de Formaci\u00f3n Profesional podr\u00e1 realizar sus pr\u00e1cticas, como las casas en las que se alojar\u00e1n durante su estancia en Irlanda.<\/p>\n<p dir=\"ltr\">Tambi\u00e9n se trabaj\u00f3 en nuevas l\u00edneas de colaboraci\u00f3n con nuestros socios irlandeses para mover a alumnado de FP de primer curso.<\/p>\n<p dir=\"ltr\">Como resultado de este job shadowing y del trabajo realizado a lo largo de los \u00faltimos a\u00f1os por el equipo Erasmus+ de nuestro centro, en este momento se encuentran realizando pr\u00e1cticas de empresa en Gorey y Enniscorthy, Irlanda 5 alumnos:<\/p>\n<p dir=\"ltr\">Uno del Ciclo Formativo de Grado Superior de Administraci\u00f3n y Finanzas y 4 de Ciclos Formativos de Grado Medio; dos de Gesti\u00f3n Administrativa, uno de Instalaciones de Telecomunicaciones y uno de Sistemas Microinform\u00e1ticos y Redes.<\/p>\n<p><img loading=\"lazy\" decoding=\"async\" class=\"alignnone wp-image-963\" title=\"https:\/\/www.maralboran.eu\/imagevuex3\/Cursos\/2023-2024\/Jobshadowing-Irlanda\/\" src=\"https:\/\/maralboran.eu\/europa\/wp-content\/uploads\/sites\/19\/2022\/07\/GALERIA-removebg-preview-150x150-1.png\" alt=\"\" width=\"100\" height=\"100\" srcset=\"https:\/\/maralboran.eu\/europa\/wp-content\/uploads\/sites\/19\/2022\/07\/GALERIA-removebg-preview-150x150-1.png 150w, https:\/\/maralboran.eu\/europa\/wp-content\/uploads\/sites\/19\/2022\/07\/GALERIA-removebg-preview-150x150-1-80x80.png 80w\" sizes=\"auto, (max-width: 100px) 100vw, 100px\" \/><\/p>\n","protected":false},"excerpt":{"rendered":"<p>Durante el mes de febrero, las profesoras de FP Teodora Gonz\u00e1lez Utrera, del departamento de Administrativo y como colaboradora del Equipo Erasmus-FP y Eva Tortosa S\u00e1nchez, del departamento de Inform\u00e1tica&#46;&#46;&#46;<\/p>\n","protected":false},"author":1,"featured_media":1089,"comment_status":"closed","ping_status":"closed","sticky":false,"template":"","format":"standard","meta":{"_price":"","_stock":"","_tribe_ticket_header":"","_tribe_default_ticket_provider":"","_tribe_ticket_capacity":"","_ticket_start_date":"","_ticket_end_date":"","_tribe_ticket_show_description":"","_tribe_ticket_show_not_going":false,"_tribe_ticket_use_global_stock":"","_tribe_ticket_global_stock_level":"","_global_stock_mode":"","_global_stock_cap":"","_tribe_rsvp_for_event":"","_tribe_ticket_going_count":"","_tribe_ticket_not_going_count":"","_tribe_tickets_list":"[]","_tribe_ticket_has_attendee_info_fields":false,"_kadence_starter_templates_imported_post":false,"footnotes":""},"categories":[10,5],"tags":[],"class_list":["post-1084","post","type-post","status-publish","format-standard","has-post-thumbnail","hentry","category-escolar","category-movilidad"],"gutentor_comment":0,"featured_image_src":"https:\/\/maralboran.eu\/europa\/wp-content\/uploads\/sites\/19\/2024\/04\/Diseno-sin-titulo-1-600x400.png","featured_image_src_square":"https:\/\/maralboran.eu\/europa\/wp-content\/uploads\/sites\/19\/2024\/04\/Diseno-sin-titulo-1-600x500.png","author_info":{"display_name":"administrador","author_link":"https:\/\/maralboran.eu\/europa\/author\/administrador\/"},"_links":{"self":[{"href":"https:\/\/maralboran.eu\/europa\/wp-json\/wp\/v2\/posts\/1084","targetHints":{"allow":["GET"]}}],"collection":[{"href":"https:\/\/maralboran.eu\/europa\/wp-json\/wp\/v2\/posts"}],"about":[{"href":"https:\/\/maralboran.eu\/europa\/wp-json\/wp\/v2\/types\/post"}],"author":[{"embeddable":true,"href":"https:\/\/maralboran.eu\/europa\/wp-json\/wp\/v2\/users\/1"}],"replies":[{"embeddable":true,"href":"https:\/\/maralboran.eu\/europa\/wp-json\/wp\/v2\/comments?post=1084"}],"version-history":[{"count":0,"href":"https:\/\/maralboran.eu\/europa\/wp-json\/wp\/v2\/posts\/1084\/revisions"}],"wp:featuredmedia":[{"embeddable":true,"href":"https:\/\/maralboran.eu\/europa\/wp-json\/wp\/v2\/media\/1089"}],"wp:attachment":[{"href":"https:\/\/maralboran.eu\/europa\/wp-json\/wp\/v2\/media?parent=1084"}],"wp:term":[{"taxonomy":"category","embeddable":true,"href":"https:\/\/maralboran.eu\/europa\/wp-json\/wp\/v2\/categories?post=1084"},{"taxonomy":"post_tag","embeddable":true,"href":"https:\/\/maralboran.eu\/europa\/wp-json\/wp\/v2\/tags?post=1084"}],"curies":[{"name":"wp","href":"https:\/\/api.w.org\/{rel}","templated":true}]}}