{"id":1082,"date":"2024-02-12T11:56:19","date_gmt":"2024-02-12T11:56:19","guid":{"rendered":"https:\/\/maralboran.eu\/europa\/?p=1082"},"modified":"2024-04-29T09:58:32","modified_gmt":"2024-04-29T09:58:32","slug":"balance-y-perspectivas-de-movilidades-futuras-en-fp","status":"publish","type":"post","link":"https:\/\/maralboran.eu\/europa\/2024\/02\/12\/balance-y-perspectivas-de-movilidades-futuras-en-fp\/","title":{"rendered":"Balance y perspectivas de movilidades futuras en FP"},"content":{"rendered":"\n<p> <\/p>\n<div id=\"section-ga7f5c3\" class=\"wp-block-gutentor-e6 section-ga7f5c3 gutentor-element gutentor-element-image\">\n<div class=\"gutentor-element-image-box\">\n<div class=\"gutentor-image-thumb\"><img decoding=\"async\" class=\"normal-image\" src=\"https:\/\/maralboran.eu\/wp-content\/uploads\/2024\/02\/Diseno-sin-titulo-3.png\" \/><\/div>\n<\/div>\n<\/div>\n<p> <\/p>\n<hr \/>\n<p>Con el segundo trimestre surgen nuevos desaf\u00edos y oportunidades de movilidad en Europa para nuestros estudiantes de FP. Las movilidades que les permitir\u00e1n hacer su periodo de pr\u00e1cticas en el extranjero surgen como fruto de una serie de actividades estrat\u00e9gicas que se han ido desarrollando durante el primer trimestre.<\/p>\n<p>Desde bien entrado septiembre, El equipo Erasmus+ y los departamentos de las ramas profesionales de nuestro centro han trabajado para recibir a dos alumnos de Formaci\u00f3n Profesional de EETC, nuestro socio en Enniscorthy. Han desarrollado su periodo de pr\u00e1cticas en dos empresas de la zona: \u00abAndaluc\u00eda.com\u00bb en el puerto deportivo de Estepona y \u00abComun\u00edmas\u00bb en la Bah\u00eda de Casares, desde el martes 12 de septiembre al martes 24 de octubre. Adem\u00e1s, se ha realizado una actualizaci\u00f3n de la gesti\u00f3n del proyecto de Acreditaci\u00f3n VET y hemos asistido a las jornadas de formaci\u00f3n \u00abMovilidad\u00a0 E+ de formaci\u00f3n profesional \u00bb el 18 y 19 de septiembre en Gij\u00f3n.<\/p>\n<p>Durante los <strong>Erasmus Days<\/strong>, el martes 10 de octubre se desarrollaron charlas informativas y coloquios con antiguos alumnos Erasmus para todos los ciclos formativos sobre este programa y las oportunidades de internacionalizaci\u00f3n que brinda el centro.<\/p>\n<p> <\/p>\n<div id=\"section-g9b8b92\" class=\"wp-block-gutentor-e6 section-g9b8b92 gutentor-element gutentor-element-image\">\n<div class=\"gutentor-element-image-box\">\n<div class=\"gutentor-image-thumb\"><img decoding=\"async\" class=\"normal-image\" src=\"https:\/\/maralboran.eu\/wp-content\/uploads\/2024\/02\/2024-02-08-10.32.43.jpg\" \/><\/div>\n<\/div>\n<\/div>\n<p> <\/p>\n<p>Durante la primera semana de noviembre recibimos al coordinador de los programas de internacionalizaci\u00f3n de la ciudad sueca de Vasteras, Juan Bergdahl y al profesor Jonas Ronnergard del\u00a0 Instituto T\u00e9cnico Hahrska Gymnasiet, con el que llevamos colaborando en Erasmus desde el principio de nuestra participaci\u00f3n los ciclos formativos. Dentro del programa de la visita, mantuvimos una reuni\u00f3n en el Aula de Emprendimiento <strong>Albor\u00e1n Emprende. <\/strong>A dicha reuni\u00f3n tambi\u00e9n asisti\u00f3 la Coordinadora del Equipo Erasmus y los jefes de departamentos de Ciclos Formativos Miguel Gonz\u00e1lez Grano de Oro (Administrativo\/Fol) y Jos\u00e9 A. Gonz\u00e1lez (Electr\u00f3nica \/ AE) y en ella estuvimos presentando el proyecto del Aula, sus planes de futuro, etc<\/p>\n<p>El\u00a0 11 y 12 de diciembre varios miembros del equipo asistieron a la <strong>Jornada anual Erasmus+<\/strong> y a la Jornada de difusi\u00f3n del programa nuevo y la convocatoria de financiaci\u00f3n de 2024.<\/p>\n<p><img loading=\"lazy\" decoding=\"async\" class=\" wp-image-11607 alignleft\" src=\"https:\/\/maralboran.eu\/wp-content\/uploads\/2024\/02\/2024-02-08-10.33.46-300x174.jpg\" alt=\"\" width=\"373\" height=\"216\" \/>El segundo trimestre se plantea como preparativo de las movilidades. Empezar\u00e1 en febrero, con un<strong> job shadowing<\/strong> de dos profesoras en Wexford, Irlanda, con el objetivo de conocer las posibles empresas que pudieran acoger a nuestro alumnado para realizar su FCT de manera parcial o total en Irlanda. A partir de mediados de marzo esperamos que se puedan incorporar a estas pr\u00e1cticas en Irlanda o en Suecia ocho alumnos de grado superior y otros ocho alumnos de grado medio, por periodos desde cuatro semanas a tres meses.<\/p>\n<p>En este trimestre tambi\u00e9n volveremos a recibir expertos de empresas europeas en la 4\u00aa semana de Formaci\u00f3n Erasmus.<\/p>\n<p>Gracias a las actividades estrat\u00e9gicas desarrolladas durante el primer trimestre, se han abierto nuevas posibilidades de movilidad en Europa, que ser\u00e1n desarrolladas tanto en el segundo como en el tercer trimestre. Los esfuerzos del equipo Erasmus+ y los departamentos de las ramas profesionales prev\u00e9n unos meses marcados por los preparativos de las movilidades europeas que les brindar\u00e1n a nuestros alumnos la posibilidad de ampliar sus horizontes, conocer diferentes culturas y fortalecer sus habilidades acad\u00e9micas y personales.<\/p>\n<p><a href=\"http:\/\/www.maralboran.eu\/imagevuex3\/Cursos\/2023-2024\/Erasmus-FP\/\" target=\"_blank\" rel=\"noopener\"><img loading=\"lazy\" decoding=\"async\" class=\"alignnone wp-image-9510 size-full\" src=\"https:\/\/maralboran.eu\/wp-content\/uploads\/2022\/11\/GALERIA-removebg-preview-e1669109319953.png\" alt=\"\" width=\"100\" height=\"100\" \/><\/a><\/p>\n<p><\/p>\n","protected":false},"excerpt":{"rendered":"","protected":false},"author":1,"featured_media":1083,"comment_status":"closed","ping_status":"closed","sticky":false,"template":"","format":"standard","meta":{"_price":"","_stock":"","_tribe_ticket_header":"","_tribe_default_ticket_provider":"","_tribe_ticket_capacity":"","_ticket_start_date":"","_ticket_end_date":"","_tribe_ticket_show_description":"","_tribe_ticket_show_not_going":false,"_tribe_ticket_use_global_stock":"","_tribe_ticket_global_stock_level":"","_global_stock_mode":"","_global_stock_cap":"","_tribe_rsvp_for_event":"","_tribe_ticket_going_count":"","_tribe_ticket_not_going_count":"","_tribe_tickets_list":"[]","_tribe_ticket_has_attendee_info_fields":false,"_kadence_starter_templates_imported_post":false,"footnotes":""},"categories":[9],"tags":[],"class_list":["post-1082","post","type-post","status-publish","format-standard","has-post-thumbnail","hentry","category-fp"],"gutentor_comment":0,"featured_image_src":"https:\/\/maralboran.eu\/europa\/wp-content\/uploads\/sites\/19\/2024\/02\/Diseno-sin-titulo-600x400.png","featured_image_src_square":"https:\/\/maralboran.eu\/europa\/wp-content\/uploads\/sites\/19\/2024\/02\/Diseno-sin-titulo-600x500.png","author_info":{"display_name":"administrador","author_link":"https:\/\/maralboran.eu\/europa\/author\/administrador\/"},"_links":{"self":[{"href":"https:\/\/maralboran.eu\/europa\/wp-json\/wp\/v2\/posts\/1082","targetHints":{"allow":["GET"]}}],"collection":[{"href":"https:\/\/maralboran.eu\/europa\/wp-json\/wp\/v2\/posts"}],"about":[{"href":"https:\/\/maralboran.eu\/europa\/wp-json\/wp\/v2\/types\/post"}],"author":[{"embeddable":true,"href":"https:\/\/maralboran.eu\/europa\/wp-json\/wp\/v2\/users\/1"}],"replies":[{"embeddable":true,"href":"https:\/\/maralboran.eu\/europa\/wp-json\/wp\/v2\/comments?post=1082"}],"version-history":[{"count":0,"href":"https:\/\/maralboran.eu\/europa\/wp-json\/wp\/v2\/posts\/1082\/revisions"}],"wp:featuredmedia":[{"embeddable":true,"href":"https:\/\/maralboran.eu\/europa\/wp-json\/wp\/v2\/media\/1083"}],"wp:attachment":[{"href":"https:\/\/maralboran.eu\/europa\/wp-json\/wp\/v2\/media?parent=1082"}],"wp:term":[{"taxonomy":"category","embeddable":true,"href":"https:\/\/maralboran.eu\/europa\/wp-json\/wp\/v2\/categories?post=1082"},{"taxonomy":"post_tag","embeddable":true,"href":"https:\/\/maralboran.eu\/europa\/wp-json\/wp\/v2\/tags?post=1082"}],"curies":[{"name":"wp","href":"https:\/\/api.w.org\/{rel}","templated":true}]}}