{"id":1079,"date":"2024-01-30T10:57:03","date_gmt":"2024-01-30T10:57:03","guid":{"rendered":"https:\/\/maralboran.eu\/europa\/?p=1079"},"modified":"2024-04-29T09:59:10","modified_gmt":"2024-04-29T09:59:10","slug":"balance-del-1o-trimestre-y-futuras-movilidades","status":"publish","type":"post","link":"https:\/\/maralboran.eu\/europa\/2024\/01\/30\/balance-del-1o-trimestre-y-futuras-movilidades\/","title":{"rendered":"Balance del 1\u00ba trimestre y futuras movilidades"},"content":{"rendered":"\n<div id=\"section-gc0e57f\" class=\"wp-block-gutentor-e6 section-gc0e57f gutentor-element gutentor-element-image\">\n<div class=\"gutentor-element-image-box\">\n<div class=\"gutentor-image-thumb\"><img loading=\"lazy\" decoding=\"async\" class=\"normal-image\" src=\"https:\/\/i0.wp.com\/maralboran.eu\/wp-content\/uploads\/2024\/01\/Movilidad-saliente-alumnos-2o-trimestre.png?ssl=1\" width=\"800\" height=\"450\" \/><\/div>\n<\/div>\n<\/div>\n<hr \/>\n<p>Ha comenzado el segundo trimestre y con \u00e9l empiezan nuevos retos y nuevas movilidades europeas de nuestro alumnado. Durante el primer trimestre, el equipo Erasmus + del Instituto Mar de Albor\u00e1n ha llevado a cabo un proceso de baremaci\u00f3n para seleccionar a los participantes de todas las movilidades. Para elaborar este proceso se han tenido en cuenta factores como valoraci\u00f3n del equipo docente, inclusi\u00f3n, rendimiento acad\u00e9mico y las competencias multiling\u00fce, ciudadana y de emprendimiento. En Octubre, todo\u00a0nuestro alumnado recibi\u00f3 informaci\u00f3n sobre todas las formas de participaci\u00f3n en las actividades y movilidades Erasmus + durante los\u00a0ERASMUS DAYS.\u00a0<\/p>\n<p>Posteriormente, el alumnado de 4\u00b0 ESO Violeta D\u00edaz, Iasir Chrayeh e Iune Mu\u00f1oz realizan una movilidad de larga estancia en la ciudad irlandesa de Gorey donde asisten durante 5 semanas al Centro Creagh College siendo hospedados por familias locales.\u00a0<\/p>\n<p>Adem\u00e1s, antes de terminar el primer trimestre recibimos varias movilidades entrantes tanto de grupos de Bulgaria como de Eslovenia, lo que demuestra el inter\u00e9s y la participaci\u00f3n activa de centros ya consolidados, as\u00ed como otros con los que se crea el primer lazo de colaboraci\u00f3n.\u00a0<\/p>\n<p>Por otro lado, afrontamos este segundo trimestre con una movilidad de nuestro alumnado a Mil\u00e1n y la recepci\u00f3n de dos movilidades entrantes. Desde el 10 de enero al 17 de febrero, las alumnas Sara Gil y Elena Ansino disfrutar\u00e1n de una movilidad de larga estancia en el centro IIS CE Gadda de Mil\u00e1n. Posteriormente, durante la semana del 11 al 16 de febrero recibiremos a un grupo de 21 alumnos Italianos con los que haremos nuestra primera colaboraci\u00f3n de movilidad. Una semana m\u00e1s tarde, desde el 19 de Febrero hasta el 22 de Marzo recibimos a 3 alumnos irlandeses que ser\u00e1n acogidos por las familias de los alumnos que realizaron la movilidad de larga estancia durante el primer trimestre. Por \u00faltimo, desde el 18 al 22 de Marzo un grupo de 20 alumnos irlandeses ser\u00e1n acogidos en nuestras aulas y por las familias del alumnado participante en esta movilidad. Tras ello afrontaremos un tercer trimestre lleno de movilidades escolares en el que un gran n\u00famero de nuestro alumnado viajar\u00e1 a Irlanda, Suecia, Italia, Croacia y Eslovenia.<\/p>\n<p>El resultado de todas estas experiencias Erasmus + es fruto de una cada vez m\u00e1s creciente ilusi\u00f3n de nuestro alumnado por expandir sus horizontes como personas y ciudadanos europeos. Gracias al compromiso de nuestro equipo Erasmus +, y sobre todo, de los coordinadores de cada movilidad, nuestro alumnado podr\u00e1 disfrutar de una experiencia enriquecedora durante el presente curso. El Instituto Mar de Albor\u00e1n se enorgullece de formar parte del programa Erasmus + y espera seguir promoviendo este intercambio cultural y educativo en el futuro.<\/p>\n<p>\u00a0<\/p>\n<p><strong>ERASMUS DAYS:\u00a0<a href=\"https:\/\/maralboran.eu\/blog\/maralboran-erasmus-days-23\/\">https:\/\/maralboran.eu\/blog\/maralboran-erasmus-days-23\/<\/a><\/strong><\/p>\n","protected":false},"excerpt":{"rendered":"<p>Ha comenzado el segundo trimestre y con \u00e9l empiezan nuevos retos y nuevas movilidades europeas de nuestro alumnado. Durante el primer trimestre, el equipo Erasmus + del Instituto Mar de&#46;&#46;&#46;<\/p>\n","protected":false},"author":1,"featured_media":1080,"comment_status":"closed","ping_status":"closed","sticky":false,"template":"","format":"standard","meta":{"_price":"","_stock":"","_tribe_ticket_header":"","_tribe_default_ticket_provider":"","_tribe_ticket_capacity":"","_ticket_start_date":"","_ticket_end_date":"","_tribe_ticket_show_description":"","_tribe_ticket_show_not_going":false,"_tribe_ticket_use_global_stock":"","_tribe_ticket_global_stock_level":"","_global_stock_mode":"","_global_stock_cap":"","_tribe_rsvp_for_event":"","_tribe_ticket_going_count":"","_tribe_ticket_not_going_count":"","_tribe_tickets_list":"[]","_tribe_ticket_has_attendee_info_fields":false,"_kadence_starter_templates_imported_post":false,"footnotes":""},"categories":[10],"tags":[],"class_list":["post-1079","post","type-post","status-publish","format-standard","has-post-thumbnail","hentry","category-escolar"],"gutentor_comment":0,"featured_image_src":"https:\/\/maralboran.eu\/europa\/wp-content\/uploads\/sites\/19\/2024\/01\/Diseno-sin-titulo-600x400.png","featured_image_src_square":"https:\/\/maralboran.eu\/europa\/wp-content\/uploads\/sites\/19\/2024\/01\/Diseno-sin-titulo-600x500.png","author_info":{"display_name":"administrador","author_link":"https:\/\/maralboran.eu\/europa\/author\/administrador\/"},"_links":{"self":[{"href":"https:\/\/maralboran.eu\/europa\/wp-json\/wp\/v2\/posts\/1079","targetHints":{"allow":["GET"]}}],"collection":[{"href":"https:\/\/maralboran.eu\/europa\/wp-json\/wp\/v2\/posts"}],"about":[{"href":"https:\/\/maralboran.eu\/europa\/wp-json\/wp\/v2\/types\/post"}],"author":[{"embeddable":true,"href":"https:\/\/maralboran.eu\/europa\/wp-json\/wp\/v2\/users\/1"}],"replies":[{"embeddable":true,"href":"https:\/\/maralboran.eu\/europa\/wp-json\/wp\/v2\/comments?post=1079"}],"version-history":[{"count":0,"href":"https:\/\/maralboran.eu\/europa\/wp-json\/wp\/v2\/posts\/1079\/revisions"}],"wp:featuredmedia":[{"embeddable":true,"href":"https:\/\/maralboran.eu\/europa\/wp-json\/wp\/v2\/media\/1080"}],"wp:attachment":[{"href":"https:\/\/maralboran.eu\/europa\/wp-json\/wp\/v2\/media?parent=1079"}],"wp:term":[{"taxonomy":"category","embeddable":true,"href":"https:\/\/maralboran.eu\/europa\/wp-json\/wp\/v2\/categories?post=1079"},{"taxonomy":"post_tag","embeddable":true,"href":"https:\/\/maralboran.eu\/europa\/wp-json\/wp\/v2\/tags?post=1079"}],"curies":[{"name":"wp","href":"https:\/\/api.w.org\/{rel}","templated":true}]}}