{"id":1013,"date":"2023-02-22T11:35:00","date_gmt":"2023-02-22T11:35:00","guid":{"rendered":"https:\/\/maralboran.eu\/europa\/?p=1013"},"modified":"2023-03-07T11:36:19","modified_gmt":"2023-03-07T11:36:19","slug":"movilidad-escolar-erasmus-a-celje-eslovenia","status":"publish","type":"post","link":"https:\/\/maralboran.eu\/europa\/2023\/02\/22\/movilidad-escolar-erasmus-a-celje-eslovenia\/","title":{"rendered":"Movilidad Escolar Erasmus+ a Celje, Eslovenia"},"content":{"rendered":"\n<div id=\"section-g95d730\" class=\"wp-block-gutentor-e6 section-g95d730 gutentor-element gutentor-element-image\"><div class=\"gutentor-element-image-box\"><div class=\"gutentor-image-thumb\"><img decoding=\"async\" class=\"normal-image\" src=\"https:\/\/maralboran.eu\/wp-content\/uploads\/2023\/03\/Portada.jpeg\" \/><\/div><\/div><\/div>\n\n\n\n<p>\u00a0<\/p>\n<hr \/>\n<p>Durante la semana del 14 al 21 de Febrero un grupo de 20 alumnos de 4\u00ba de Eso y 1\u00ba de Bachillerato ha participado en una movilidad cultural a Eslovenia. Bajo el amparo del proyecto de Patrimonio cultural \u201cVive Estepona\u201d, liderado por la Profesora Mar\u00eda Teresa Mena, el alumnado ha trabajado aspectos culturales de ambos pa\u00edses como la gastronom\u00eda, el arte, expresiones culturales como el flamenco y la lengua. En esta visita han asistido a clases de distintas materias del instituto Gimnazija Lava de la ciudad de Celje. Adem\u00e1s, han realizado presentaciones y actuaciones musicales para promover el patrimonio andaluz en general y el de Estepona en particular. Adem\u00e1s de este trabajo previo y durante la estancia, han visitado ciudades como Postojna, Liubliana, Bled y Ptuj. Esta \u00faltima viv\u00eda su mejor semana albergando el mayor desfile de carnaval del pa\u00eds. Ha sido una movilidad llena de experiencias que van a ser dif\u00edciles de olvidar. Esperamos poder narrar una experiencia similar en pr\u00f3ximos a\u00f1os.<\/p>\n<p>\u00a0<\/p>\n\n\n\n<table style=\"border-collapse: collapse; width: 100%;\">\n<tbody>\n<tr>\n<td style=\"width: 14.9485%;\"><img loading=\"lazy\" decoding=\"async\" class=\"alignnone wp-image-10051 \" src=\"https:\/\/maralboran.eu\/wp-content\/uploads\/2023\/03\/Instagram_logo_2022.svg_-150x150.png\" alt=\"\" width=\"97\" height=\"97\" \/><\/td>\n<td style=\"width: 85.0515%;\">\n<ul>\n<li style=\"text-align: left;\">\n<h6 class=\"x1lliihq x1plvlek xryxfnj x1n2onr6 x193iq5w xeuugli x1fj9vlw x13faqbe x1vvkbs x1s928wv xhkezso x1gmr53x x1cpjm7i x1fgarty x1943h6x x1i0vuye x1ms8i2q xo1l8bm x5n08af x10wh9bi x1wdrske x8viiok x18hxmgj\" tabindex=\"-1\"><a href=\"https:\/\/www.instagram.com\/erasmusalboran\/\">erasmusalboran<\/a><\/h6>\n<\/li>\n<li style=\"text-align: left;\">\n<h6 class=\"x1lliihq x1plvlek xryxfnj x1n2onr6 x193iq5w xeuugli x1fj9vlw x13faqbe x1vvkbs x1s928wv xhkezso x1gmr53x x1cpjm7i x1fgarty x1943h6x x1i0vuye x1ms8i2q xo1l8bm x5n08af x10wh9bi x1wdrske x8viiok x18hxmgj\" tabindex=\"-1\"><a href=\"https:\/\/www.instagram.com\/erasmusceljealbo\">erasmusceljealbo<\/a><\/h6>\n<\/li>\n<\/ul>\n<\/td>\n<\/tr>\n<\/tbody>\n<\/table>\n\n\n\n<p><a href=\"https:\/\/www.maralboran.eu\/imagevuex3\/Cursos\/2022-2023\/Celje-Eslovenia\/\"><img loading=\"lazy\" decoding=\"async\" class=\"alignnone wp-image-9510\" src=\"https:\/\/maralboran.eu\/wp-content\/uploads\/2022\/11\/GALERIA-removebg-preview-300x300.png\" alt=\"\" width=\"97\" height=\"97\" \/><\/a><\/p>\n","protected":false},"excerpt":{"rendered":"<p>\u00a0 Durante la semana del 14 al 21 de Febrero un grupo de 20 alumnos de 4\u00ba de Eso y 1\u00ba de Bachillerato ha participado en una movilidad cultural a&#46;&#46;&#46;<\/p>\n","protected":false},"author":1,"featured_media":1014,"comment_status":"closed","ping_status":"closed","sticky":false,"template":"","format":"standard","meta":{"_price":"","_stock":"","_tribe_ticket_header":"","_tribe_default_ticket_provider":"","_tribe_ticket_capacity":"","_ticket_start_date":"","_ticket_end_date":"","_tribe_ticket_show_description":"","_tribe_ticket_show_not_going":false,"_tribe_ticket_use_global_stock":"","_tribe_ticket_global_stock_level":"","_global_stock_mode":"","_global_stock_cap":"","_tribe_rsvp_for_event":"","_tribe_ticket_going_count":"","_tribe_ticket_not_going_count":"","_tribe_tickets_list":"[]","_tribe_ticket_has_attendee_info_fields":false,"_kadence_starter_templates_imported_post":false,"footnotes":""},"categories":[10,5],"tags":[],"class_list":["post-1013","post","type-post","status-publish","format-standard","has-post-thumbnail","hentry","category-escolar","category-movilidad"],"gutentor_comment":0,"featured_image_src":"https:\/\/maralboran.eu\/europa\/wp-content\/uploads\/sites\/19\/2023\/03\/Diseno-sin-titulo-600x400.png","featured_image_src_square":"https:\/\/maralboran.eu\/europa\/wp-content\/uploads\/sites\/19\/2023\/03\/Diseno-sin-titulo-600x500.png","author_info":{"display_name":"administrador","author_link":"https:\/\/maralboran.eu\/europa\/author\/administrador\/"},"_links":{"self":[{"href":"https:\/\/maralboran.eu\/europa\/wp-json\/wp\/v2\/posts\/1013","targetHints":{"allow":["GET"]}}],"collection":[{"href":"https:\/\/maralboran.eu\/europa\/wp-json\/wp\/v2\/posts"}],"about":[{"href":"https:\/\/maralboran.eu\/europa\/wp-json\/wp\/v2\/types\/post"}],"author":[{"embeddable":true,"href":"https:\/\/maralboran.eu\/europa\/wp-json\/wp\/v2\/users\/1"}],"replies":[{"embeddable":true,"href":"https:\/\/maralboran.eu\/europa\/wp-json\/wp\/v2\/comments?post=1013"}],"version-history":[{"count":0,"href":"https:\/\/maralboran.eu\/europa\/wp-json\/wp\/v2\/posts\/1013\/revisions"}],"wp:featuredmedia":[{"embeddable":true,"href":"https:\/\/maralboran.eu\/europa\/wp-json\/wp\/v2\/media\/1014"}],"wp:attachment":[{"href":"https:\/\/maralboran.eu\/europa\/wp-json\/wp\/v2\/media?parent=1013"}],"wp:term":[{"taxonomy":"category","embeddable":true,"href":"https:\/\/maralboran.eu\/europa\/wp-json\/wp\/v2\/categories?post=1013"},{"taxonomy":"post_tag","embeddable":true,"href":"https:\/\/maralboran.eu\/europa\/wp-json\/wp\/v2\/tags?post=1013"}],"curies":[{"name":"wp","href":"https:\/\/api.w.org\/{rel}","templated":true}]}}