{"id":839,"date":"2020-03-10T18:58:00","date_gmt":"2020-03-10T18:58:00","guid":{"rendered":"http:\/\/maralboran.eu\/espacio-paz\/?p=839"},"modified":"2020-05-16T18:03:09","modified_gmt":"2020-05-16T18:03:09","slug":"premios-8-de-marzo","status":"publish","type":"post","link":"https:\/\/maralboran.eu\/espacio-paz\/2020\/03\/10\/premios-8-de-marzo\/","title":{"rendered":"PREMIOS \u00ab8 DE MARZO\u00bb 2020 al Proyecto Observa"},"content":{"rendered":"\n<p>El equipo de profesionales del proyecto Observa encargado de coordinar el Plan de Igualdad de los centros de educaci\u00f3n secundaria en Estepona (entre ellos el nuestro) y los departamentos de orientaci\u00f3n de los mismos, que promueve la educaci\u00f3n de los j\u00f3venes en igualdad y en la prevenci\u00f3n de la violencia de g\u00e9nero en Estepona, recibi\u00f3 el pasado viernes el \u2018Premio 8 de Marzo\u2019 que concede el Ayuntamiento de Estepona con motivo del D\u00eda Internacional de la Mujer.&nbsp;<\/p>\n\n\n\n<p>Al acto oficial asisti\u00f3 un gran n\u00famero de alumnado participante en este proyecto y los coordinadores\/as de los Proyectos de Igualdad de los respectivos centros educativos<\/p>\n\n\n\n<figure class=\"wp-block-image size-large\"><img loading=\"lazy\" decoding=\"async\" width=\"800\" height=\"600\" src=\"https:\/\/maralboran.eu\/espacio-paz\/wp-content\/uploads\/sites\/35\/2020\/03\/87802543_2316360945327920_8080274647167270912_n.jpg\" alt=\"\" class=\"wp-image-840\" srcset=\"https:\/\/maralboran.eu\/espacio-paz\/wp-content\/uploads\/sites\/35\/2020\/03\/87802543_2316360945327920_8080274647167270912_n.jpg 800w, https:\/\/maralboran.eu\/espacio-paz\/wp-content\/uploads\/sites\/35\/2020\/03\/87802543_2316360945327920_8080274647167270912_n-300x225.jpg 300w, https:\/\/maralboran.eu\/espacio-paz\/wp-content\/uploads\/sites\/35\/2020\/03\/87802543_2316360945327920_8080274647167270912_n-768x576.jpg 768w\" sizes=\"auto, (max-width: 800px) 100vw, 800px\" \/><\/figure>\n\n\n\n<figure class=\"wp-block-image size-large\"><img loading=\"lazy\" decoding=\"async\" width=\"800\" height=\"450\" src=\"https:\/\/maralboran.eu\/espacio-paz\/wp-content\/uploads\/sites\/35\/2020\/03\/88301443_2316360841994597_8179751552941031424_n.jpg\" alt=\"\" class=\"wp-image-841\" srcset=\"https:\/\/maralboran.eu\/espacio-paz\/wp-content\/uploads\/sites\/35\/2020\/03\/88301443_2316360841994597_8179751552941031424_n.jpg 800w, https:\/\/maralboran.eu\/espacio-paz\/wp-content\/uploads\/sites\/35\/2020\/03\/88301443_2316360841994597_8179751552941031424_n-300x169.jpg 300w, https:\/\/maralboran.eu\/espacio-paz\/wp-content\/uploads\/sites\/35\/2020\/03\/88301443_2316360841994597_8179751552941031424_n-768x432.jpg 768w\" sizes=\"auto, (max-width: 800px) 100vw, 800px\" \/><\/figure>\n","protected":false},"excerpt":{"rendered":"<p>El equipo de profesionales del proyecto Observa encargado de coordinar el Plan de Igualdad de los centros de educaci\u00f3n secundaria en Estepona (entre ellos el nuestro) y los departamentos de orientaci\u00f3n de los mismos,&#46;&#46;&#46;<\/p>\n","protected":false},"author":33,"featured_media":841,"comment_status":"closed","ping_status":"open","sticky":false,"template":"","format":"standard","meta":{"_price":"","_stock":"","_tribe_ticket_header":"","_tribe_default_ticket_provider":"","_tribe_ticket_capacity":"","_ticket_start_date":"","_ticket_end_date":"","_tribe_ticket_show_description":"","_tribe_ticket_show_not_going":false,"_tribe_ticket_use_global_stock":"","_tribe_ticket_global_stock_level":"","_global_stock_mode":"","_global_stock_cap":"","_tribe_rsvp_for_event":"","_tribe_ticket_going_count":"","_tribe_ticket_not_going_count":"","_tribe_tickets_list":"[]","_tribe_ticket_has_attendee_info_fields":false,"_kadence_starter_templates_imported_post":false,"footnotes":""},"categories":[1],"tags":[],"class_list":["post-839","post","type-post","status-publish","format-standard","has-post-thumbnail","hentry","category-sin-categoria"],"gutentor_comment":3,"featured_image_src":"https:\/\/maralboran.eu\/espacio-paz\/wp-content\/uploads\/sites\/35\/2020\/03\/88301443_2316360841994597_8179751552941031424_n.jpg","featured_image_src_square":"https:\/\/maralboran.eu\/espacio-paz\/wp-content\/uploads\/sites\/35\/2020\/03\/88301443_2316360841994597_8179751552941031424_n.jpg","author_info":{"display_name":"espacio-paz","author_link":"https:\/\/maralboran.eu\/espacio-paz\/author\/espacio-paz\/"},"_links":{"self":[{"href":"https:\/\/maralboran.eu\/espacio-paz\/wp-json\/wp\/v2\/posts\/839","targetHints":{"allow":["GET"]}}],"collection":[{"href":"https:\/\/maralboran.eu\/espacio-paz\/wp-json\/wp\/v2\/posts"}],"about":[{"href":"https:\/\/maralboran.eu\/espacio-paz\/wp-json\/wp\/v2\/types\/post"}],"author":[{"embeddable":true,"href":"https:\/\/maralboran.eu\/espacio-paz\/wp-json\/wp\/v2\/users\/33"}],"replies":[{"embeddable":true,"href":"https:\/\/maralboran.eu\/espacio-paz\/wp-json\/wp\/v2\/comments?post=839"}],"version-history":[{"count":3,"href":"https:\/\/maralboran.eu\/espacio-paz\/wp-json\/wp\/v2\/posts\/839\/revisions"}],"predecessor-version":[{"id":856,"href":"https:\/\/maralboran.eu\/espacio-paz\/wp-json\/wp\/v2\/posts\/839\/revisions\/856"}],"wp:featuredmedia":[{"embeddable":true,"href":"https:\/\/maralboran.eu\/espacio-paz\/wp-json\/wp\/v2\/media\/841"}],"wp:attachment":[{"href":"https:\/\/maralboran.eu\/espacio-paz\/wp-json\/wp\/v2\/media?parent=839"}],"wp:term":[{"taxonomy":"category","embeddable":true,"href":"https:\/\/maralboran.eu\/espacio-paz\/wp-json\/wp\/v2\/categories?post=839"},{"taxonomy":"post_tag","embeddable":true,"href":"https:\/\/maralboran.eu\/espacio-paz\/wp-json\/wp\/v2\/tags?post=839"}],"curies":[{"name":"wp","href":"https:\/\/api.w.org\/{rel}","templated":true}]}}