{"id":665,"date":"2019-03-10T09:29:06","date_gmt":"2019-03-10T09:29:06","guid":{"rendered":"http:\/\/maralboran.eu\/espacio-paz\/?p=665"},"modified":"2019-05-30T08:33:19","modified_gmt":"2019-05-30T08:33:19","slug":"lecturas-sobre-la-paz","status":"publish","type":"post","link":"https:\/\/maralboran.eu\/espacio-paz\/2019\/03\/10\/lecturas-sobre-la-paz\/","title":{"rendered":"LECTURAS SOBRE LA PAZ"},"content":{"rendered":"\n<p>El alumnado de 3\u00baESO, con su profesor de lengua y literatura Pablo Arag\u00f3n han disfrutado de una sesi\u00f3n de lectura cuya tem\u00e1tica principal ha sido la paz y la no violencia.<\/p>\n\n\n\n<!--more-->\n\n\n\n<p>Utilizando una disposici\u00f3n de clase en forma de U, el alumnado del grupo ha le\u00eddo una serie de cuentos para posteriormente sacar su moraleja sobre la <strong>paz<\/strong>, la <strong>resoluci\u00f3n pac\u00edfica de conflictos<\/strong> , la <strong>empat\u00eda<\/strong> y los beneficios de <strong>ayudar a los dem\u00e1s<\/strong> cuando m\u00e1s lo necesitan.<\/p>\n\n\n\n<p>Los textos utilizados han sido los siguientes:<br><\/p>\n\n\n\n<p><strong>LECTURAS SOBRE LA PAZ<\/strong><\/p>\n\n\n\n<p><em>Duraci\u00f3n: 45 minutos \/1 hora.<\/em><\/p>\n\n\n\n<p><em>Os presentamos una serie de leyendas y cuentos, algunos de los cuales han dado pie a los s\u00edmbolos que representan tradicionalmente la paz: el arco iris, la paloma blanca, etc.<\/em><br><\/p>\n\n\n\n<p><strong>La leyenda del arco iris (cuento popular)<\/strong><\/p>\n\n\n\n<p>Explica la leyenda que hace mucho tiempo los colores empezaron a pelearse. Cada uno de ellos dec\u00eda que \u00e9l era el color m\u00e1s importante.<\/p>\n\n\n\n<p>El verde dijo:\u201c\u00a1Yo soy el color m\u00e1s importante, por supuesto! Soy el s\u00edmbolo de la vida y de la esperanza. Me han escogido para la hierba, los \u00e1rboles, los prados, las hojas. Si yo no existiera, los animales se morir\u00edan. Mirad a vuestro alrededor y ver\u00e9is que me encuentro en la mayor\u00eda de las cosas\u201d.<\/p>\n\n\n\n<p>Pero el azul no estaba de acuerdo:\u201cT\u00fa s\u00f3lo piensas en la tierra, pero si miras al cielo y al mar ver\u00e1s que todo es azul. El agua, que es vida, es azul. Sin m\u00ed, no existir\u00eda la vida\u201d.<\/p>\n\n\n\n<p>El amarillo le interrumpi\u00f3 riendo:\u201c\u00a1Sois tan serios! Yo traigo alegr\u00eda al mundo, sonrisas, calor&#8230; El sol es amarillo, la luna es amarillenta, las estrellas son amarillas. Cada vez que mir\u00e1is un girasol, el mundo entero comienza a re\u00edr. Sin m\u00ed no habr\u00eda alegr\u00eda\u201d.<\/p>\n\n\n\n<p>El naranja le interrumpi\u00f3: \u201cYo soy el color de la salud y la fuerza. No estoy por todas partes, pero soy indispensable. Traigo las vitaminas m\u00e1s importantes: pensad en las zanahorias, las calabazas, las naranjas&#8230;Y cuando se va el sol, pinto de colores el cielo. Mi belleza impresiona tanto que todo el mundo se queda admir\u00e1ndome con la boca abierta\u201d.<\/p>\n\n\n\n<p>El rojo respondi\u00f3: \u201cYo soy el color del peligro, pero tambi\u00e9n del coraje. Llevo el fuego en la sangre. Sin m\u00ed no habr\u00eda ni pasi\u00f3n ni amor\u201d.<\/p>\n\n\n\n<p>El violeta habl\u00f3 solemnemente: \u201cSoy el color de la realeza y del poder: reyes, obispos y jefes de estado siempre me han escogido. Soy la autoridad y la sabidur\u00eda. La gente me escucha y me obedece\u201d.<\/p>\n\n\n\n<p>El a\u00f1il habl\u00f3 mucho m\u00e1s tranquilo, casi en voz baja, pero con seguridad:\u201cPensad en m\u00ed: soy el color del silencio.<br><\/p>\n\n\n\n<p>Casi nunca pens\u00e1is en m\u00ed, pero sin m\u00ed, todos ser\u00edais superficiales. Represento el pensamiento y la reflexi\u00f3n, las aguas profundas. Me necesit\u00e1is para la oraci\u00f3n y la paz\u201d.<\/p>\n\n\n\n<p>Cada color estuvo presumiendo de sus cualidades, pensando que era mejor que los otros. La pelea se estaba volviendo cada vez m\u00e1s ruidosa. De repente, apareci\u00f3 una luz blanca y brillante: era un rayo. La luz vino acompa\u00f1ada de un gran ruido, un trueno. Empez\u00f3 a caer lluvia y m\u00e1s lluvia y los colores se encontraron en medio de una tormenta. Estaban asustados y se fueron acercando los unos a los otros para protegerse.<\/p>\n\n\n\n<p>La lluvia habl\u00f3: \u201cColores, est\u00e1is locos por pelearos de esa manera. \u00bfNo sab\u00e9is que cada uno de vosotros es especial, \u00fanico y diferente? Dios ha querido desplegaros por el mundo en un gran arco de colores para recordar que os quiere a todos y que pod\u00e9is vivir juntos y en paz\u201d. Y as\u00ed es como Dios utiliz\u00f3 la lluvia para limpiar el mundo. Y puso el arco iris en el cielo para que, cuando lo ve\u00e1is, record\u00e9is que ten\u00e9is que teneros en cuenta los unos a los otros.<\/p>\n\n\n\n<p><em>El arco iris es un s\u00edmbolo de paz y concordia, es un puente figurado entre el cielo y la tierra que simboliza la alianza entre la divinidad protectora y los hombres.<\/em><br><\/p>\n\n\n\n<p><strong>Buscando la Paz<\/strong><\/p>\n\n\n\n<p>\u00c9rase una vez un rey que ofreci\u00f3 un gran premio a aquel artista que pudiera captar una pintura perfecta de la paz. Muchos artistas lo intentaron. El rey observ\u00f3 y admir\u00f3 todas las pinturas, pero s\u00f3lo hab\u00eda dos que realmente le gustaran y tuvo que escoger entre ellas.<\/p>\n\n\n\n<p>La primera era un lago muy tranquilo. Este lago era un espejo perfecto en el cual se reflejaban las pl\u00e1cidas monta\u00f1as que lo rodeaban. Por encima de ellas pod\u00eda verse un cielo muy azul con tenues nubles blancas. Todos los que la ve\u00edan pensaban que reflejaba la paz perfecta.<\/p>\n\n\n\n<p>La segunda pintura tambi\u00e9n ten\u00eda monta\u00f1as. Aunque, en este caso, eran puntiagudas y descubiertas. Sobre ellas, hab\u00eda un cielo furioso. Hab\u00eda una tormenta con rayos y truenos. Bajo la monta\u00f1a, hab\u00eda un torrente de agua. Todo esto no parec\u00eda muy pac\u00edfico.<\/p>\n\n\n\n<p>Sin embargo, cuando el rey observ\u00f3 la pintura atentamente vio tras la cascada un arbusto delicado creciendo en una grieta de la roca. En este arbusto hab\u00eda un nido. All\u00ed, en medio del barullo de la violenta ca\u00edda del agua, estaba sentado pl\u00e1cidamente un pajarillo en su nido&#8230;<\/p>\n\n\n\n<p>\u00bfPaz perfecta&#8230;?<br><\/p>\n\n\n\n<p>\u00bfCu\u00e1l crees que fue la pintura ganadora? El rey escogi\u00f3 la segunda.<br><\/p>\n\n\n\n<p>\u00bfSabes por qu\u00e9?<br><\/p>\n\n\n\n<p>\u201cPorque \u2014dijo el rey\u2014 la paz no significa estar en un lugar sin ruido, sin problemas, sin trabajar duro o sin dolor. La paz significa que, aun estando en medio de todas estas cosas, sepamos quedarnos en calma dentro de nuestro coraz\u00f3n. Este es el verdadero significado de la paz\u201d.<\/p>\n\n\n\n<p><em>Significa que la paz no es s\u00f3lo no tener ning\u00fan problema, sino que cuando lo tengamos, lo podamos resolver de forma pac\u00edfica.<\/em><\/p>\n\n\n\n<p><\/p>\n\n\n\n<p><strong>La piedra para sopa<\/strong><\/p>\n\n\n\n<p>En un pueblecito, una se\u00f1ora se llev\u00f3 una gran sorpresa al ver que hab\u00eda llamado a la puerta de su casa un extranjero, correctamente vestido, pidi\u00e9ndole algo de comer.<\/p>\n\n\n\n<p>\u2014Lo siento \u2014dijo ella\u2014, pero ahora mismo no tengo nada en casa.<br><\/p>\n\n\n\n<p>\u2014No se preocupe \u2014dijo amablemente el extranjero\u2014, tengo una piedra para sopa en mi maleta, si usted me deja echarla en una olla con agua hirviendo, yo har\u00e9 la sopa m\u00e1s exquisita del mundo.<\/p>\n\n\n\n<p>A la se\u00f1ora le pic\u00f3 la curiosidad, puso la olla en el fuego y fue a explicar el secreto de la piedra para sopa a sus vecinas. Cuando el agua comenz\u00f3 a hervir, todo el vecindario se hab\u00eda reunido all\u00ed para ver a aquel extranjero y su piedra para sopa. El extranjero dej\u00f3 caer la piedra en el agua, prob\u00f3 una cucharada y exclam\u00f3:<\/p>\n\n\n\n<p>\u2014Huummm&#8230; \u00a1Buen\u00edsima! Lo \u00fanico que le falta son unas cuantas patatas.<br><\/p>\n\n\n\n<p>\u2014\u00a1Yo tengo patatas en mi cocina! \u2014exclam\u00f3 una se\u00f1ora. Y en pocos minutos volvi\u00f3 con una gran bandeja de patatas peladas que echaron dentro de la olla. Entonces el extranjero volvi\u00f3 a probar la sopa.<\/p>\n\n\n\n<p>\u2014\u00a1Excelente! \u2014dijo\u2014. Si tuvi\u00e9ramos un poco de carne, har\u00edamos un caldo exquisito&#8230;<br><\/p>\n\n\n\n<p>Otra vecina sali\u00f3 corriendo y volvi\u00f3 con un buen trozo de carne que el extranjero meti\u00f3 en la olla. Cuando volvi\u00f3 a probar la sopa, puso los ojos en blanco y dijo:<\/p>\n\n\n\n<p>\u2014\u00a1Ah, que sabrosa! Si tuvi\u00e9ramos algo de verdura, ser\u00eda perfecta, absolutamente perfecta&#8230;<br><\/p>\n\n\n\n<p>Una de las vecinas fue a casa y volvi\u00f3 con una cesta llena de cebollas, puerros y zanahorias. Tras introducir la verdura en la olla, el extranjero volvi\u00f3 a probar el guiso y, con tono autoritario, dijo:<\/p>\n\n\n\n<p>\u2014La sal.<br><\/p>\n\n\n\n<p>\u2014Aqu\u00ed est\u00e1 \u2014contest\u00f3 la due\u00f1a de la casa. A continuaci\u00f3n, dio la orden:<\/p>\n\n\n\n<p>\u2014Platos para todos.<br><\/p>\n\n\n\n<p>La gente se fue corriendo a casa y volvieron con platos y alguno incluso con pan y fruta.<\/p>\n\n\n\n<p>Entonces, se sentaron para disfrutar de este manjar tan suculento, mientras el extranjero repart\u00eda abundantes raciones de su incre\u00edble sopa. Todos estaban tan felices, riendo, hablando y compartiendo por vez primera una comida.<\/p>\n\n\n\n<p>En medio del revuelo, el extranjero desapareci\u00f3 silenciosamente, dejando tras de s\u00ed la maravillosa piedra para sopa, que podr\u00edan utilizar siempre que quisiesen para preparar la sopa m\u00e1s deliciosa del mundo.<\/p>\n\n\n\n<p>Este cuento quiere hacernos reflexionar sobre la cooperaci\u00f3n y el hecho de compartir<\/p>\n\n\n\n<p><strong>Los dos p\u00e1jaros<\/strong><\/p>\n\n\n\n<p>\u00bfSab\u00e9is qu\u00e9 es un sauce llor\u00f3n? Un sauce llor\u00f3n es un \u00e1rbol grande, con unas hojas alargadas verdes por la parte de arriba y blancas por abajo que cuelgan de las ramas hacia el suelo.<\/p>\n\n\n\n<p>Pues, os explicar\u00e9 una historia que pas\u00f3 en un sauce llor\u00f3n&#8230;<br><\/p>\n\n\n\n<p>Dos p\u00e1jaros estaban en el mismo \u00e1rbol, un sauce llor\u00f3n. Uno de ellos estaba apoyado en la rama m\u00e1s alta del \u00e1rbol y el otro, m\u00e1s abajo.<\/p>\n\n\n\n<p>El p\u00e1jaro que se encontraba en la rama m\u00e1s alta dijo para romper el hielo:<br><\/p>\n\n\n\n<p>\u2014\u00a1Oh, que bonitas que son estas hojas tan verdes! El p\u00e1jaro que estaba abajo crey\u00f3 que se trataba de una provocaci\u00f3n y le contest\u00f3:<\/p>\n\n\n\n<p>\u2014\u00bfEst\u00e1s ciego? \u00a1\u00bfNo ves que son blancas?! Y el de arriba respondi\u00f3, molesto:<\/p>\n\n\n\n<p>\u2014\u00a1El que est\u00e1 ciego eres t\u00fa! \u00a1Son verdes! Y el otro, a\u00fan m\u00e1s enfadado, le dijo:<\/p>\n\n\n\n<p>\u2014Me apuesto las plumas de la cola a que son blancas. \u00a1T\u00fa no entiendes!<br><\/p>\n\n\n\n<p>El p\u00e1jaro de arriba se iba enfadando cada vez m\u00e1s y, sin pens\u00e1rselo dos veces, se abalanz\u00f3 sobre su adversario para darle una lecci\u00f3n.<\/p>\n\n\n\n<p>El otro no se movi\u00f3. Cuando estuvieron cerca, cara a cara, con las plumas de punta por la rabia, miraron los dos en la misma direcci\u00f3n.<\/p>\n\n\n\n<p>El p\u00e1jaro que hab\u00eda venido de arriba se sorprendi\u00f3:<br><\/p>\n\n\n\n<p>\u2014\u00a1Oh! \u00a1Qu\u00e9 extra\u00f1o! \u00a1Las hojas son blancas! E invit\u00f3 al otro p\u00e1jaro a ir arriba, donde estaba \u00e9l antes.<\/p>\n\n\n\n<p>Volaron hacia la rama m\u00e1s alta del sauce llor\u00f3n y, esta vez, dijeron los dos a la vez:<br><\/p>\n\n\n\n<p>\u2014\u00a1Las hojas son verdes!<br><\/p>\n\n\n\n<p><em>Con este cuento se trabaja la importancia de la empat\u00eda y de respetar los diversos puntos de vista en situaciones de conflicto.<\/em><\/p>\n\n\n\n<p><strong>El nabo gigante<\/strong><\/p>\n\n\n\n<p>\u00c9rase una vez un viejo que plant\u00f3 un nabo muy muy peque\u00f1o y dijo:<br><\/p>\n\n\n\n<p>\u2014\u00a1Crece, crece, nabito, hazte dulce! \u2014\u00a1Crece, crece, nabito, hazte fuerte! Y el nabo creci\u00f3 dulce y fuerte y grande.<\/p>\n\n\n\n<p>\u00a1Enorme!<br><\/p>\n\n\n\n<p>Un d\u00eda, el viejo fue a arrancarlo. Tir\u00f3 y tir\u00f3, pero no pudo arrancarlo. Entonces, llam\u00f3 a su mujer y la mujer tir\u00f3 del hombre, y el hombre tir\u00f3 del nabo. Y tiraron y tiraron, pero no pudieron arrancarlo. Entonces, la mujer llam\u00f3 a su nieta. Y la nieta tir\u00f3 de la mujer, y la mujer tir\u00f3 del hombre, y el hombre del nabo, pero tampoco consiguieron arrancarlo.<\/p>\n\n\n\n<p>Entonces, la nieta llam\u00f3 al perro. El perro tir\u00f3 de la nieta, la nieta de la abuela, la abuela del abuelo y el abuelo del nabo. Tiraron con mucha fuerza, pero no pudieron arrancarlo.<\/p>\n\n\n\n<p>Y el perro llam\u00f3 al gato.<br><\/p>\n\n\n\n<p>El gato tir\u00f3 del perro, el perro de la nieta, la nieta de la abuela, la abuela del abuelo y el abuelo del nabo. Y tiraron y tiraron una y otra vez, pero no pudieron arrancarlo.<\/p>\n\n\n\n<p>Entonces, el gato llam\u00f3 al rat\u00f3n.<br><\/p>\n\n\n\n<p>El rat\u00f3n tir\u00f3 del gato, el gato del perro, el perro de la nieta, la nieta de la abuela, la abuela del abuelo y el abuelo del nabo. Y tiraron y tiraron con todas sus fuerzas&#8230; hasta que finalmente&#8230; \u00a1\u00a1\u00a1arrancaron el nabo!!!<\/p>\n\n\n\n<p>\u00a1Y menuda maravilla de nabo!<br><\/p>\n\n\n\n<p>Y hubo suficiente para el abuelo, la abuela, la nieta, el perro, el gato e, incluso, el rat\u00f3n&#8230; \u00a1\u00a1\u00a1y a\u00fan sobr\u00f3 un poco para la sopa de la persona que os acaba de explicar este cuento!!!<\/p>\n\n\n\n<p><em>Se trata de un cuento popular ruso, recogido por <strong>Aleksey Tolstoi<\/strong>. Se puede leer y despu\u00e9s interpretar con seis personajes. La reflexi\u00f3n que nos sugiere es si alguna vez nos ha pasado una situaci\u00f3n parecida, en la que ayudar a los dem\u00e1s ha beneficiado a todos.<\/em><\/p>\n\n\n","protected":false},"excerpt":{"rendered":"<p>El alumnado de 3\u00baESO, con su profesor de lengua y literatura Pablo Arag\u00f3n han disfrutado de una sesi\u00f3n de lectura cuya tem\u00e1tica principal ha sido la paz y la no violencia.<\/p>\n","protected":false},"author":33,"featured_media":687,"comment_status":"closed","ping_status":"open","sticky":false,"template":"","format":"standard","meta":{"_price":"","_stock":"","_tribe_ticket_header":"","_tribe_default_ticket_provider":"","_tribe_ticket_capacity":"","_ticket_start_date":"","_ticket_end_date":"","_tribe_ticket_show_description":"","_tribe_ticket_show_not_going":false,"_tribe_ticket_use_global_stock":"","_tribe_ticket_global_stock_level":"","_global_stock_mode":"","_global_stock_cap":"","_tribe_rsvp_for_event":"","_tribe_ticket_going_count":"","_tribe_ticket_not_going_count":"","_tribe_tickets_list":"[]","_tribe_ticket_has_attendee_info_fields":false,"_kadence_starter_templates_imported_post":false,"footnotes":""},"categories":[7],"tags":[],"class_list":["post-665","post","type-post","status-publish","format-standard","has-post-thumbnail","hentry","category-educacion-en-valores"],"gutentor_comment":1,"featured_image_src":"https:\/\/maralboran.eu\/espacio-paz\/wp-content\/uploads\/sites\/35\/2019\/03\/libro-paz.jpg","featured_image_src_square":"https:\/\/maralboran.eu\/espacio-paz\/wp-content\/uploads\/sites\/35\/2019\/03\/libro-paz.jpg","author_info":{"display_name":"espacio-paz","author_link":"https:\/\/maralboran.eu\/espacio-paz\/author\/espacio-paz\/"},"_links":{"self":[{"href":"https:\/\/maralboran.eu\/espacio-paz\/wp-json\/wp\/v2\/posts\/665","targetHints":{"allow":["GET"]}}],"collection":[{"href":"https:\/\/maralboran.eu\/espacio-paz\/wp-json\/wp\/v2\/posts"}],"about":[{"href":"https:\/\/maralboran.eu\/espacio-paz\/wp-json\/wp\/v2\/types\/post"}],"author":[{"embeddable":true,"href":"https:\/\/maralboran.eu\/espacio-paz\/wp-json\/wp\/v2\/users\/33"}],"replies":[{"embeddable":true,"href":"https:\/\/maralboran.eu\/espacio-paz\/wp-json\/wp\/v2\/comments?post=665"}],"version-history":[{"count":6,"href":"https:\/\/maralboran.eu\/espacio-paz\/wp-json\/wp\/v2\/posts\/665\/revisions"}],"predecessor-version":[{"id":695,"href":"https:\/\/maralboran.eu\/espacio-paz\/wp-json\/wp\/v2\/posts\/665\/revisions\/695"}],"wp:featuredmedia":[{"embeddable":true,"href":"https:\/\/maralboran.eu\/espacio-paz\/wp-json\/wp\/v2\/media\/687"}],"wp:attachment":[{"href":"https:\/\/maralboran.eu\/espacio-paz\/wp-json\/wp\/v2\/media?parent=665"}],"wp:term":[{"taxonomy":"category","embeddable":true,"href":"https:\/\/maralboran.eu\/espacio-paz\/wp-json\/wp\/v2\/categories?post=665"},{"taxonomy":"post_tag","embeddable":true,"href":"https:\/\/maralboran.eu\/espacio-paz\/wp-json\/wp\/v2\/tags?post=665"}],"curies":[{"name":"wp","href":"https:\/\/api.w.org\/{rel}","templated":true}]}}