{"id":653,"date":"2019-05-10T18:45:13","date_gmt":"2019-05-10T18:45:13","guid":{"rendered":"http:\/\/maralboran.eu\/espacio-paz\/?p=653"},"modified":"2019-05-26T19:37:09","modified_gmt":"2019-05-26T19:37:09","slug":"planta-cara-al-ciberacoso","status":"publish","type":"post","link":"https:\/\/maralboran.eu\/espacio-paz\/2019\/05\/10\/planta-cara-al-ciberacoso\/","title":{"rendered":"PLANTA CARA AL CIBERACOSO"},"content":{"rendered":"\n<p>A partir del visionado del v\u00eddeo \u00abPlanta cara al ciberacoso\u00bb el alumnado de 4\u00baESO C en clase de lengua ha reflexionado por escrito sobre este gran problema de la sociedad actual.<\/p>\n\n\n\n<!--more-->\n\n\n\n<p>El objetivo perseguido por el profesor de lengua y literatura <em>Jes\u00fas Daniel Acosta Morales<\/em> con esta actividad, ha sido concienciar al alumnado que <strong>todos podemos ser v\u00edctimas en un momento determinado del ciberacoso<\/strong> y por tanto <strong>debemos actuar contra este de forma contundente, abandonando actitudes pasivas y conformistas<\/strong>.<\/p>\n\n\n\n<p>En primer lugar, el alumnado del grupo ha visionado el v\u00eddeo \u00ab<a href=\"https:\/\/youtu.be\/fcVyk8XzUiw\">Planta cara al ciberacoso<\/a>\u00bb para posteriormente, redactar un texto argumentativo en el que se exponga si el alumno o la alumna ha sido testigo de alg\u00fan caso de ciberacoso; adem\u00e1s, es necesario hacer una reflexi\u00f3n cr\u00edtica sobre la actuaci\u00f3n que debemos tener los distintos miembros de la comunidad educativa para atender a las necesidades de las personas que lo sufren.<\/p>\n\n\n\n<p><strong>#1 NoMiresParaOtroLado<\/strong><\/p>\n\n\n\n<p><strong>#2ApoyaAlaV\u00edctima<\/strong><\/p>\n\n\n\n<p><strong>#3MuestraTuRechazoHaciaElCiberacoso<\/strong><\/p>\n\n\n\n<p><strong>#4HablaDelProblemaConUnAdulto<\/strong><\/p>\n\n\n\n<p><strong>#5AnimaAlosDem\u00e1sAplantarleCaraAlCiberacoso<\/strong><\/p>\n\n\n\n<figure class=\"wp-block-image\"><img loading=\"lazy\" decoding=\"async\" width=\"1024\" height=\"512\" src=\"https:\/\/maralboran.eu\/espacio-paz\/wp-content\/uploads\/sites\/35\/2019\/05\/ciberacoso-1024x512.jpg\" alt=\"\" class=\"wp-image-656\" srcset=\"https:\/\/maralboran.eu\/espacio-paz\/wp-content\/uploads\/sites\/35\/2019\/05\/ciberacoso-1024x512.jpg 1024w, https:\/\/maralboran.eu\/espacio-paz\/wp-content\/uploads\/sites\/35\/2019\/05\/ciberacoso-300x150.jpg 300w, https:\/\/maralboran.eu\/espacio-paz\/wp-content\/uploads\/sites\/35\/2019\/05\/ciberacoso-768x384.jpg 768w, https:\/\/maralboran.eu\/espacio-paz\/wp-content\/uploads\/sites\/35\/2019\/05\/ciberacoso.jpg 1170w\" sizes=\"auto, (max-width: 1024px) 100vw, 1024px\" \/><\/figure>\n","protected":false},"excerpt":{"rendered":"<p>A partir del visionado del v\u00eddeo \u00abPlanta cara al ciberacoso\u00bb el alumnado de 4\u00baESO C en clase de lengua ha reflexionado por escrito sobre este gran problema de la sociedad actual.<\/p>\n","protected":false},"author":33,"featured_media":654,"comment_status":"closed","ping_status":"open","sticky":false,"template":"","format":"standard","meta":{"_price":"","_stock":"","_tribe_ticket_header":"","_tribe_default_ticket_provider":"","_tribe_ticket_capacity":"","_ticket_start_date":"","_ticket_end_date":"","_tribe_ticket_show_description":"","_tribe_ticket_show_not_going":false,"_tribe_ticket_use_global_stock":"","_tribe_ticket_global_stock_level":"","_global_stock_mode":"","_global_stock_cap":"","_tribe_rsvp_for_event":"","_tribe_ticket_going_count":"","_tribe_ticket_not_going_count":"","_tribe_tickets_list":"[]","_tribe_ticket_has_attendee_info_fields":false,"_kadence_starter_templates_imported_post":false,"footnotes":""},"categories":[10,7],"tags":[],"class_list":["post-653","post","type-post","status-publish","format-standard","has-post-thumbnail","hentry","category-bullying","category-educacion-en-valores"],"gutentor_comment":2,"featured_image_src":"https:\/\/maralboran.eu\/espacio-paz\/wp-content\/uploads\/sites\/35\/2019\/05\/ciberacoso1.jpg","featured_image_src_square":"https:\/\/maralboran.eu\/espacio-paz\/wp-content\/uploads\/sites\/35\/2019\/05\/ciberacoso1.jpg","author_info":{"display_name":"espacio-paz","author_link":"https:\/\/maralboran.eu\/espacio-paz\/author\/espacio-paz\/"},"_links":{"self":[{"href":"https:\/\/maralboran.eu\/espacio-paz\/wp-json\/wp\/v2\/posts\/653","targetHints":{"allow":["GET"]}}],"collection":[{"href":"https:\/\/maralboran.eu\/espacio-paz\/wp-json\/wp\/v2\/posts"}],"about":[{"href":"https:\/\/maralboran.eu\/espacio-paz\/wp-json\/wp\/v2\/types\/post"}],"author":[{"embeddable":true,"href":"https:\/\/maralboran.eu\/espacio-paz\/wp-json\/wp\/v2\/users\/33"}],"replies":[{"embeddable":true,"href":"https:\/\/maralboran.eu\/espacio-paz\/wp-json\/wp\/v2\/comments?post=653"}],"version-history":[{"count":5,"href":"https:\/\/maralboran.eu\/espacio-paz\/wp-json\/wp\/v2\/posts\/653\/revisions"}],"predecessor-version":[{"id":661,"href":"https:\/\/maralboran.eu\/espacio-paz\/wp-json\/wp\/v2\/posts\/653\/revisions\/661"}],"wp:featuredmedia":[{"embeddable":true,"href":"https:\/\/maralboran.eu\/espacio-paz\/wp-json\/wp\/v2\/media\/654"}],"wp:attachment":[{"href":"https:\/\/maralboran.eu\/espacio-paz\/wp-json\/wp\/v2\/media?parent=653"}],"wp:term":[{"taxonomy":"category","embeddable":true,"href":"https:\/\/maralboran.eu\/espacio-paz\/wp-json\/wp\/v2\/categories?post=653"},{"taxonomy":"post_tag","embeddable":true,"href":"https:\/\/maralboran.eu\/espacio-paz\/wp-json\/wp\/v2\/tags?post=653"}],"curies":[{"name":"wp","href":"https:\/\/api.w.org\/{rel}","templated":true}]}}