{"id":391,"date":"2019-01-31T08:15:04","date_gmt":"2019-01-31T08:15:04","guid":{"rendered":"http:\/\/maralboran.eu\/espacio-paz\/?p=391"},"modified":"2019-02-12T18:59:56","modified_gmt":"2019-02-12T18:59:56","slug":"que-es-para-mi-la-paz","status":"publish","type":"post","link":"https:\/\/maralboran.eu\/espacio-paz\/2019\/01\/31\/que-es-para-mi-la-paz\/","title":{"rendered":"\u00bfQU\u00c9 ES PARA M\u00cd LA PAZ?"},"content":{"rendered":"\n<p>El alumnado de 2\u00baESO E en Taller de lectura con su profesora Mar\u00eda Guti\u00e9rrez han reflexionado sobre qu\u00e9 significa para ellos y ellas la palabra PAZ. Han utilizado el arte de la fotograf\u00eda para plasmar sus impresiones.<\/p>\n\n\n\n<!--more-->\n\n\n\n<p>Esta actividad se ha desarrollado a lo largo de dos sesiones de clase.  En la primera sesi\u00f3n, se han realizado grupos y cada uno de ellos ha pensado y debatido qu\u00e9 es para ellos y ellas \u00abLa PAZ\u00bb. En esta sesi\u00f3n han decidido qu\u00e9 tipo de fotograf\u00eda iban a realizar y qu\u00e9 tipo de material necesitar\u00edan para la realizaci\u00f3n de \u00e9sta.<\/p>\n\n\n\n<figure class=\"wp-block-image\"><img decoding=\"async\" src=\"https:\/\/maralboran.eu\/espacio-paz\/wp-content\/uploads\/sites\/35\/2019\/02\/IMG_1511-1600x1200-768x1024.jpg\" alt=\"\" class=\"wp-image-395\" \/><\/figure>\n\n\n\n<p>La segunda sesi\u00f3n se ha desarrollado a nivel de patio. El alumnado de forma libre ha realizado sus fotograf\u00edas para posteriormente editarlas con el m\u00f3vil o con el ordenador en casa. <\/p>\n\n\n\n<p>Los resultados obtenidos tras la realizaci\u00f3n de esta actividad han sido muy gratificantes. Aqu\u00ed os dejamos una <a href=\"http:\/\/maralboran.eu\/imagevuex3\/Cursos\/2018-y-2019\/Espacio-de-Paz-Convivencia-Coeducaci%C3%B3n\/30E-D%C3%ADa-de-la-paz\/que-es-para-mi-la-paz\/\" target=\"_blank\" rel=\"noreferrer noopener\" aria-label=\" (opens in a new tab)\">galer\u00eda donde poder ver las fotograf\u00edas realizadas por nuestro alumnado.<\/a> <\/p>\n","protected":false},"excerpt":{"rendered":"<p>El alumnado de 2\u00baESO E en Taller de lectura con su profesora Mar\u00eda Guti\u00e9rrez han reflexionado sobre qu\u00e9 significa para ellos y ellas la palabra PAZ. Han utilizado el arte de la fotograf\u00eda para&#46;&#46;&#46;<\/p>\n","protected":false},"author":33,"featured_media":393,"comment_status":"closed","ping_status":"open","sticky":false,"template":"","format":"standard","meta":{"_price":"","_stock":"","_tribe_ticket_header":"","_tribe_default_ticket_provider":"","_tribe_ticket_capacity":"","_ticket_start_date":"","_ticket_end_date":"","_tribe_ticket_show_description":"","_tribe_ticket_show_not_going":false,"_tribe_ticket_use_global_stock":"","_tribe_ticket_global_stock_level":"","_global_stock_mode":"","_global_stock_cap":"","_tribe_rsvp_for_event":"","_tribe_ticket_going_count":"","_tribe_ticket_not_going_count":"","_tribe_tickets_list":"[]","_tribe_ticket_has_attendee_info_fields":false,"_kadence_starter_templates_imported_post":false,"footnotes":""},"categories":[7,9],"tags":[],"class_list":["post-391","post","type-post","status-publish","format-standard","has-post-thumbnail","hentry","category-educacion-en-valores","category-efemerides"],"gutentor_comment":2,"featured_image_src":"https:\/\/maralboran.eu\/espacio-paz\/wp-content\/uploads\/sites\/35\/2019\/01\/que-es-paz.jpg","featured_image_src_square":"https:\/\/maralboran.eu\/espacio-paz\/wp-content\/uploads\/sites\/35\/2019\/01\/que-es-paz.jpg","author_info":{"display_name":"espacio-paz","author_link":"https:\/\/maralboran.eu\/espacio-paz\/author\/espacio-paz\/"},"_links":{"self":[{"href":"https:\/\/maralboran.eu\/espacio-paz\/wp-json\/wp\/v2\/posts\/391","targetHints":{"allow":["GET"]}}],"collection":[{"href":"https:\/\/maralboran.eu\/espacio-paz\/wp-json\/wp\/v2\/posts"}],"about":[{"href":"https:\/\/maralboran.eu\/espacio-paz\/wp-json\/wp\/v2\/types\/post"}],"author":[{"embeddable":true,"href":"https:\/\/maralboran.eu\/espacio-paz\/wp-json\/wp\/v2\/users\/33"}],"replies":[{"embeddable":true,"href":"https:\/\/maralboran.eu\/espacio-paz\/wp-json\/wp\/v2\/comments?post=391"}],"version-history":[{"count":3,"href":"https:\/\/maralboran.eu\/espacio-paz\/wp-json\/wp\/v2\/posts\/391\/revisions"}],"predecessor-version":[{"id":397,"href":"https:\/\/maralboran.eu\/espacio-paz\/wp-json\/wp\/v2\/posts\/391\/revisions\/397"}],"wp:featuredmedia":[{"embeddable":true,"href":"https:\/\/maralboran.eu\/espacio-paz\/wp-json\/wp\/v2\/media\/393"}],"wp:attachment":[{"href":"https:\/\/maralboran.eu\/espacio-paz\/wp-json\/wp\/v2\/media?parent=391"}],"wp:term":[{"taxonomy":"category","embeddable":true,"href":"https:\/\/maralboran.eu\/espacio-paz\/wp-json\/wp\/v2\/categories?post=391"},{"taxonomy":"post_tag","embeddable":true,"href":"https:\/\/maralboran.eu\/espacio-paz\/wp-json\/wp\/v2\/tags?post=391"}],"curies":[{"name":"wp","href":"https:\/\/api.w.org\/{rel}","templated":true}]}}