{"id":123,"date":"2018-01-29T08:15:29","date_gmt":"2018-01-29T08:15:29","guid":{"rendered":"http:\/\/maralboran.eu\/espacio-paz\/?p=123"},"modified":"2018-06-19T11:21:38","modified_gmt":"2018-06-19T11:21:38","slug":"reflexion-sobre-la-paz","status":"publish","type":"post","link":"https:\/\/maralboran.eu\/espacio-paz\/2018\/01\/29\/reflexion-sobre-la-paz\/","title":{"rendered":"REFLEXI\u00d3N SOBRE LA PAZ"},"content":{"rendered":"<p>El alumnado de 4\u00baESOA y 4\u00baESOB en clase de Valores \u00c9ticos junto con\u00a0 su profesora Virginia Plaza Cobo, han realizado una <strong>reflexi\u00f3n<\/strong> escrita sobre <strong>qu\u00e9 es para ellos La Paz y qu\u00e9 piensan que necesitamos para conseguir la paz<\/strong>.<\/p>\n<p>Se han recopilado frases de las distintas redacciones y se ha elaborado un\u00a0 <strong>discurso<\/strong> para leer y exponer hoy d\u00eda <strong>30 de enero de 2018<\/strong> como conmemoraci\u00f3n del <strong>D\u00eda Escolar de la No Violencia y La Paz<\/strong>.<\/p>\n<p>Aqu\u00ed os dejamos el <strong>discurso<\/strong>:<\/p>\n<p><!--more--><\/p>\n<blockquote><p><strong><span style=\"color: #003366\">Hoy todo el mundo habla de la Paz.<\/span><\/strong><br \/>\n<span style=\"color: #003366\">\u00bfPor qu\u00e9 solo nos acordamos de La Paz y La No Violencia un d\u00eda al a\u00f1o? Deber\u00edamos acordarnos todos los d\u00edas de nuestras vidas para vivir sin odio, para tomar conciencia de lo sucedido a lo largo de la Historia.<\/span><\/p>\n<p><span style=\"color: #003366\">Nos hemos convertido en una sociedad fr\u00edvola en la que ignoramos por completo a aquellas personas que necesitan un poquito de solidaridad. Es importante apoyarnos los unos a los otros, tratarnos con amor y respeto, ayudar a quien lo necesite. <strong>Solo as\u00ed crearemos un mundo justo.<\/strong><\/span><\/p>\n<p><span style=\"color: #003366\">La paz va m\u00e1s all\u00e1 de los pa\u00edses, los ciudadanos debemos practicar la paz. Si no <\/span><span style=\"color: #003366\">lo hacemos, esta palabra no tiene sentido. <strong>La paz es un concepto fundamental para desarrollarnos como personas civilizadas.<\/strong> Y para encontrarla, <strong>debemos buscar la igualdad<\/strong>.<\/span><\/p>\n<p><span style=\"color: #003366\">Tenemos que luchar d\u00eda a d\u00eda para poner fin a todas nuestras diferencias, esas diferencias tan peque\u00f1as que acaban creando conflictos abismales. Los seres humanos somos ego\u00edstas por naturaleza y por un instinto de supervivencia, pero eso no significa que no <\/span><span style=\"color: #003366\">debamos luchar por la paz. <\/span><\/p>\n<p><span style=\"color: #003366\">Los conflictos b\u00e9licos afectan a las familias, a civiles inocentes que se ven obligados a salir de sus casas y huir de su pa\u00eds debido a que sus l\u00edderes quieren imponer su propia ideolog\u00eda. Adem\u00e1s, las potencias mundiales venden a diario miles de armas a pa\u00edses en conflicto, aumentando as\u00ed el n\u00famero de muertes.<\/span><\/p>\n<p><span style=\"color: #003366\"><strong>Debemos abrir nuestra mente para vaciarla de prejuicios y llenarla de amor, comprensi\u00f3n, respeto y libertad.<\/strong> Es mucho mejor causar una sonrisa a alguien que una l\u00e1grima. <\/span><\/p>\n<p><span style=\"color: #003366\">Puede que la soluci\u00f3n no est\u00e9 en nuestras manos, pero s\u00ed en nuestras palabras.<\/span><\/p><\/blockquote>\n<p><img loading=\"lazy\" decoding=\"async\" class=\"alignnone wp-image-124 size-full\" src=\"http:\/\/maralboran.eu\/espacio-paz\/wp-content\/uploads\/sites\/35\/2018\/01\/paz2.png\" alt=\"\" width=\"853\" height=\"857\" srcset=\"https:\/\/maralboran.eu\/espacio-paz\/wp-content\/uploads\/sites\/35\/2018\/01\/paz2.png 853w, https:\/\/maralboran.eu\/espacio-paz\/wp-content\/uploads\/sites\/35\/2018\/01\/paz2-150x150.png 150w, https:\/\/maralboran.eu\/espacio-paz\/wp-content\/uploads\/sites\/35\/2018\/01\/paz2-300x300.png 300w, https:\/\/maralboran.eu\/espacio-paz\/wp-content\/uploads\/sites\/35\/2018\/01\/paz2-768x772.png 768w, https:\/\/maralboran.eu\/espacio-paz\/wp-content\/uploads\/sites\/35\/2018\/01\/paz2-160x160.png 160w\" sizes=\"auto, (max-width: 853px) 100vw, 853px\" \/><\/p>\n","protected":false},"excerpt":{"rendered":"<p>El alumnado de 4\u00baESOA y 4\u00baESOB en clase de Valores \u00c9ticos junto con\u00a0 su profesora Virginia Plaza Cobo, han realizado una reflexi\u00f3n escrita sobre qu\u00e9 es para ellos La Paz y qu\u00e9 piensan que&#46;&#46;&#46;<\/p>\n","protected":false},"author":33,"featured_media":124,"comment_status":"closed","ping_status":"open","sticky":false,"template":"","format":"standard","meta":{"_price":"","_stock":"","_tribe_ticket_header":"","_tribe_default_ticket_provider":"","_tribe_ticket_capacity":"","_ticket_start_date":"","_ticket_end_date":"","_tribe_ticket_show_description":"","_tribe_ticket_show_not_going":false,"_tribe_ticket_use_global_stock":"","_tribe_ticket_global_stock_level":"","_global_stock_mode":"","_global_stock_cap":"","_tribe_rsvp_for_event":"","_tribe_ticket_going_count":"","_tribe_ticket_not_going_count":"","_tribe_tickets_list":"[]","_tribe_ticket_has_attendee_info_fields":false,"_kadence_starter_templates_imported_post":false,"footnotes":""},"categories":[7,9,12],"tags":[],"class_list":["post-123","post","type-post","status-publish","format-standard","has-post-thumbnail","hentry","category-educacion-en-valores","category-efemerides","category-igualdad"],"gutentor_comment":3,"featured_image_src":"https:\/\/maralboran.eu\/espacio-paz\/wp-content\/uploads\/sites\/35\/2018\/01\/paz2.png","featured_image_src_square":"https:\/\/maralboran.eu\/espacio-paz\/wp-content\/uploads\/sites\/35\/2018\/01\/paz2.png","author_info":{"display_name":"espacio-paz","author_link":"https:\/\/maralboran.eu\/espacio-paz\/author\/espacio-paz\/"},"_links":{"self":[{"href":"https:\/\/maralboran.eu\/espacio-paz\/wp-json\/wp\/v2\/posts\/123","targetHints":{"allow":["GET"]}}],"collection":[{"href":"https:\/\/maralboran.eu\/espacio-paz\/wp-json\/wp\/v2\/posts"}],"about":[{"href":"https:\/\/maralboran.eu\/espacio-paz\/wp-json\/wp\/v2\/types\/post"}],"author":[{"embeddable":true,"href":"https:\/\/maralboran.eu\/espacio-paz\/wp-json\/wp\/v2\/users\/33"}],"replies":[{"embeddable":true,"href":"https:\/\/maralboran.eu\/espacio-paz\/wp-json\/wp\/v2\/comments?post=123"}],"version-history":[{"count":0,"href":"https:\/\/maralboran.eu\/espacio-paz\/wp-json\/wp\/v2\/posts\/123\/revisions"}],"wp:featuredmedia":[{"embeddable":true,"href":"https:\/\/maralboran.eu\/espacio-paz\/wp-json\/wp\/v2\/media\/124"}],"wp:attachment":[{"href":"https:\/\/maralboran.eu\/espacio-paz\/wp-json\/wp\/v2\/media?parent=123"}],"wp:term":[{"taxonomy":"category","embeddable":true,"href":"https:\/\/maralboran.eu\/espacio-paz\/wp-json\/wp\/v2\/categories?post=123"},{"taxonomy":"post_tag","embeddable":true,"href":"https:\/\/maralboran.eu\/espacio-paz\/wp-json\/wp\/v2\/tags?post=123"}],"curies":[{"name":"wp","href":"https:\/\/api.w.org\/{rel}","templated":true}]}}