{"id":882,"date":"2018-09-24T17:24:05","date_gmt":"2018-09-24T17:24:05","guid":{"rendered":"http:\/\/maralboran.eu\/coeducacion\/?p=882"},"modified":"2022-01-24T11:56:19","modified_gmt":"2022-01-24T11:56:19","slug":"dama-en-la-sombra","status":"publish","type":"post","link":"https:\/\/maralboran.eu\/coeducacion\/2018\/09\/24\/dama-en-la-sombra\/","title":{"rendered":"Dama en la Sombra"},"content":{"rendered":"\n<p><em>\u201cLa historia ha ignorado a las mujeres releg\u00e1ndolas injustamente al ostracismo, convirti\u00e9ndolas en damas en la sombra.\u201d<\/em><\/p>\n\n\n\n<p><strong>\u201cDama en la sombra<\/strong>\u201d es el nuevo cortometraje educativo de la productora \u201cCienfuegos\u201d a cargo de profesorado y alumnado del IES Mar de Albor\u00e1n. Creado originalmente en ingl\u00e9s como \u201c<em>project<\/em>\u201d de la asignatura de 4\u00ba de ESO, se ha rodado nuevamente en espa\u00f1ol para concursar en la campa\u00f1a \u201cx1buenrollo\u201d.<\/p>\n\n\n\n<figure class=\"wp-block-embed-youtube wp-block-embed is-type-video is-provider-youtube wp-embed-aspect-16-9 wp-has-aspect-ratio\"><div class=\"wp-block-embed__wrapper\">\n<div class=\"video-container\"><iframe loading=\"lazy\" title=\"Dama en la Sombra #x1br\" width=\"500\" height=\"281\" src=\"https:\/\/www.youtube.com\/embed\/Wex959sllDs?start=2&#038;feature=oembed&#038;wmode=opaque\" frameborder=\"0\" allow=\"accelerometer; autoplay; clipboard-write; encrypted-media; gyroscope; picture-in-picture; web-share\" referrerpolicy=\"strict-origin-when-cross-origin\" allowfullscreen><\/iframe><\/div>\n<\/div><\/figure>\n\n\n\n<p>El concurso de cortos \u201cx1buenrollo\u201d, est\u00e1 promovido por el \u00c1rea de Igualdad e Innovaci\u00f3n &nbsp;de la Diputaci\u00f3n de M\u00e1laga y el Ilustre Colegio de Abogados de M\u00e1laga, con el objetivo de promocionar la igualdad de oportunidades entre mujeres y hombres y la prevenci\u00f3n de la violencia de g\u00e9nero.<br><\/p>\n\n\n\n<p>Este corto&nbsp;<strong>&nbsp;<\/strong>ha ganado el concurso X1BUENROLLO-2018,&nbsp; con un premio de seiscientos euros en material para el Centro. Este gui\u00f3n, originalmente creado e interpretado por nuestros alumnos \u00c1lvaro Saborido, Guadalupe Samara, Lorena Garc\u00eda, Alba G\u00f3mez y Sara Brahim, nace como un&nbsp;<em>project<\/em>&nbsp;de la asignatura de &nbsp;Ingl\u00e9s. Posteriormente ha sido rodado en espa\u00f1ol por&nbsp; la productora \u201c<em>Cienfuegos<\/em>\u201d, en la que participan&nbsp; profesorado y alumnado del IES Mar de Albor\u00e1n.<\/p>\n\n\n\n<p><\/p>\n","protected":false},"excerpt":{"rendered":"<p>\u201cLa historia ha ignorado a las mujeres releg\u00e1ndolas injustamente al ostracismo, convirti\u00e9ndolas en damas en la sombra.\u201d \u201cDama en la sombra\u201d es el nuevo cortometraje educativo de la productora \u201cCienfuegos\u201d a cargo de profesorado y alumnado del IES Mar de&#46;&#46;&#46;<\/p>\n","protected":false},"author":8,"featured_media":0,"comment_status":"closed","ping_status":"closed","sticky":false,"template":"","format":"standard","meta":{"_price":"","_stock":"","_tribe_ticket_header":"","_tribe_default_ticket_provider":"","_tribe_ticket_capacity":"","_ticket_start_date":"","_ticket_end_date":"","_tribe_ticket_show_description":"","_tribe_ticket_show_not_going":false,"_tribe_ticket_use_global_stock":"","_tribe_ticket_global_stock_level":"","_global_stock_mode":"","_global_stock_cap":"","_tribe_rsvp_for_event":"","_tribe_ticket_going_count":"","_tribe_ticket_not_going_count":"","_tribe_tickets_list":"[]","_tribe_ticket_has_attendee_info_fields":false,"_kadence_starter_templates_imported_post":false,"footnotes":""},"categories":[7],"tags":[],"class_list":["post-882","post","type-post","status-publish","format-standard","hentry","category-noticias"],"gutentor_comment":0,"featured_image_src":null,"featured_image_src_square":null,"author_info":{"display_name":"coeducacion","author_link":"https:\/\/maralboran.eu\/coeducacion\/author\/coeducacion\/"},"_links":{"self":[{"href":"https:\/\/maralboran.eu\/coeducacion\/wp-json\/wp\/v2\/posts\/882","targetHints":{"allow":["GET"]}}],"collection":[{"href":"https:\/\/maralboran.eu\/coeducacion\/wp-json\/wp\/v2\/posts"}],"about":[{"href":"https:\/\/maralboran.eu\/coeducacion\/wp-json\/wp\/v2\/types\/post"}],"author":[{"embeddable":true,"href":"https:\/\/maralboran.eu\/coeducacion\/wp-json\/wp\/v2\/users\/8"}],"replies":[{"embeddable":true,"href":"https:\/\/maralboran.eu\/coeducacion\/wp-json\/wp\/v2\/comments?post=882"}],"version-history":[{"count":0,"href":"https:\/\/maralboran.eu\/coeducacion\/wp-json\/wp\/v2\/posts\/882\/revisions"}],"wp:attachment":[{"href":"https:\/\/maralboran.eu\/coeducacion\/wp-json\/wp\/v2\/media?parent=882"}],"wp:term":[{"taxonomy":"category","embeddable":true,"href":"https:\/\/maralboran.eu\/coeducacion\/wp-json\/wp\/v2\/categories?post=882"},{"taxonomy":"post_tag","embeddable":true,"href":"https:\/\/maralboran.eu\/coeducacion\/wp-json\/wp\/v2\/tags?post=882"}],"curies":[{"name":"wp","href":"https:\/\/api.w.org\/{rel}","templated":true}]}}